{"id":48284,"date":"2025-11-24T11:39:27","date_gmt":"2025-11-24T10:39:27","guid":{"rendered":"https:\/\/arturamon.com\/francesc-gimeno-jaime-sunico-la-subversion-de-la-pintura\/"},"modified":"2025-11-24T11:49:53","modified_gmt":"2025-11-24T10:49:53","slug":"francesc-gimeno-jaime-sunico-la-subversion-de-la-pintura","status":"publish","type":"post","link":"https:\/\/arturamon.com\/es\/francesc-gimeno-jaime-sunico-la-subversion-de-la-pintura\/","title":{"rendered":"Francesc Gimeno \/ Jaime S\u00fanico. La subversi\u00f3n de la pintura"},"content":{"rendered":"\n<p><a href=\"https:\/\/www.arteinformado.com\/\">ARTE INFORMADO<\/a> | novembre 2025<\/p>\n\n\n\n<figure class=\"wp-block-image size-large\"><a href=\"https:\/\/arturamon.com\/wp-content\/uploads\/2025\/11\/251105_01-scaled-e1763635639822.jpg\" data-rel=\"lightbox-image-0\" data-rl_title=\"\" data-rl_caption=\"\" title=\"\"><img loading=\"lazy\" decoding=\"async\" width=\"743\" height=\"1024\" src=\"https:\/\/arturamon.com\/wp-content\/uploads\/2025\/11\/251105_01-scaled-e1763635639822-743x1024.jpg\" alt=\"\" class=\"wp-image-48250\" srcset=\"https:\/\/arturamon.com\/wp-content\/uploads\/2025\/11\/251105_01-scaled-e1763635639822-743x1024.jpg 743w, https:\/\/arturamon.com\/wp-content\/uploads\/2025\/11\/251105_01-scaled-e1763635639822-218x300.jpg 218w, https:\/\/arturamon.com\/wp-content\/uploads\/2025\/11\/251105_01-scaled-e1763635639822-768x1058.jpg 768w, https:\/\/arturamon.com\/wp-content\/uploads\/2025\/11\/251105_01-scaled-e1763635639822-50x69.jpg 50w, https:\/\/arturamon.com\/wp-content\/uploads\/2025\/11\/251105_01-scaled-e1763635639822-1115x1536.jpg 1115w, https:\/\/arturamon.com\/wp-content\/uploads\/2025\/11\/251105_01-scaled-e1763635639822-1487x2048.jpg 1487w, https:\/\/arturamon.com\/wp-content\/uploads\/2025\/11\/251105_01-scaled-e1763635639822.jpg 1550w\" sizes=\"auto, (max-width: 743px) 100vw, 743px\" \/><\/a><\/figure>\n\n\n\n<p>Barcelona, noviembre de 2025 \u2014 Artur Ramon Art presenta \u201cFrancesc Gimeno \/ Jaime S\u00fanico. La subversi\u00f3n de la pintura\u201d, una exposici\u00f3n que re\u00fane a dos creadores de generaciones distintas pero unidos por un mismo impulso: la necesidad de captar la verdad desde el territorio salvaje, visceral y profundamente humano de la pintura. La muestra, comisariada por Artur Ramon, podr\u00e1 visitarse del 18 de noviembre de 2025 al 16 de enero de 2026 en la galer\u00eda de Barcelona. <\/p>\n\n\n\n<p>Un di\u00e1logo radical entre dos pintores de la veta brava <\/p>\n\n\n\n<p>En el panorama de la pintura catalana de cambio de siglo, Francesc Gimeno (Tortosa, 1858 \u2013 Barcelona, 1927) emerge como una figura insobornable y singular. Realista comprometido, retrata su entorno con una honestidad casi monacal: autorretratos duros y directos, escenas dom\u00e9sticas que comparten espacio con la cocina y el taller, paisajes pintados con la fuerza de un esp\u00edritu ind\u00f3mito. Gimeno es un pintor de la \u201cveta brava\u201d, heredero de Rembrandt o Soutine, que convierte la pintura en materia, carne y necesidad vital. <\/p>\n\n\n\n<p>Jaime S\u00fanico (Barcelona, 1963) se sit\u00faa en esta misma genealog\u00eda. Su obra \u2014construida a partir de capas tel\u00faricas de color trabajadas a golpe de esp\u00e1tula\u2014 explora los l\u00edmites f\u00edsicos y psicol\u00f3gicos de la pintura. Retratos que vibran, figuras que emergen del pigmento como presencias contundentes, espacios donde la luz y la materia luchan por imponerse. S\u00fanico, como Gimeno, a menudo se autorretrata: el artista solo frente al mundo, convirtiendo la pintura en un grito que resuena. <\/p>\n\n\n\n<p>En palabras de Artur Ramon, comisario de la muestra: <\/p>\n\n\n\n<p>\u201cFrancesc Gimeno y Jaime S\u00fanico, cara a cara, expresan y representan la evoluci\u00f3n de una misma idea: el anhelo de captar la verdad desde la pintura viva, violenta y dura, inocente y honesta. Esta exposici\u00f3n reivindica la subversi\u00f3n de la pintura como un gesto radical y puro en tiempos modernos.\u201d <\/p>\n\n\n\n<p>Una reivindicaci\u00f3n de la pintura como acto esencial <\/p>\n\n\n\n<p>La exposici\u00f3n re\u00fane una selecci\u00f3n significativa de obras de ambos artistas para establecer un di\u00e1logo directo entre sus gestos, sus texturas y sus silencios. Enfrentar a Gimeno y S\u00fanico permite trazar un hilo que une dos momentos de la historia pict\u00f3rica catalana a trav\u00e9s de un mismo impulso creativo: la necesidad de regresar a la pintura como territorio de verdad.<\/p>\n","protected":false},"excerpt":{"rendered":"<p>ARTE INFORMADO | novembre 2025 Barcelona, noviembre de 2025 \u2014 Artur Ramon Art presenta \u201cFrancesc Gimeno \/ Jaime S\u00fanico. La subversi\u00f3n de la pintura\u201d, una exposici\u00f3n que re\u00fane a dos [&hellip;]<\/p>\n","protected":false},"author":14,"featured_media":48252,"comment_status":"closed","ping_status":"closed","sticky":false,"template":"","format":"standard","meta":{"_acf_changed":false,"footnotes":""},"categories":[565,698],"tags":[],"class_list":["post-48284","post","type-post","status-publish","format-standard","has-post-thumbnail","hentry","category-general-es","category-prensa"],"acf":[],"_links":{"self":[{"href":"https:\/\/arturamon.com\/es\/wp-json\/wp\/v2\/posts\/48284","targetHints":{"allow":["GET"]}}],"collection":[{"href":"https:\/\/arturamon.com\/es\/wp-json\/wp\/v2\/posts"}],"about":[{"href":"https:\/\/arturamon.com\/es\/wp-json\/wp\/v2\/types\/post"}],"author":[{"embeddable":true,"href":"https:\/\/arturamon.com\/es\/wp-json\/wp\/v2\/users\/14"}],"replies":[{"embeddable":true,"href":"https:\/\/arturamon.com\/es\/wp-json\/wp\/v2\/comments?post=48284"}],"version-history":[{"count":1,"href":"https:\/\/arturamon.com\/es\/wp-json\/wp\/v2\/posts\/48284\/revisions"}],"predecessor-version":[{"id":48286,"href":"https:\/\/arturamon.com\/es\/wp-json\/wp\/v2\/posts\/48284\/revisions\/48286"}],"wp:featuredmedia":[{"embeddable":true,"href":"https:\/\/arturamon.com\/es\/wp-json\/wp\/v2\/media\/48252"}],"wp:attachment":[{"href":"https:\/\/arturamon.com\/es\/wp-json\/wp\/v2\/media?parent=48284"}],"wp:term":[{"taxonomy":"category","embeddable":true,"href":"https:\/\/arturamon.com\/es\/wp-json\/wp\/v2\/categories?post=48284"},{"taxonomy":"post_tag","embeddable":true,"href":"https:\/\/arturamon.com\/es\/wp-json\/wp\/v2\/tags?post=48284"}],"curies":[{"name":"wp","href":"https:\/\/api.w.org\/{rel}","templated":true}]}}