{"id":35173,"date":"2023-02-13T17:49:38","date_gmt":"2023-02-13T16:49:38","guid":{"rendered":"https:\/\/nova.arturamon.com\/una-exposicion-inedita-desvela-esculturas-del-maestro-de-cabestany-el-picasso-del-siglo-xii\/"},"modified":"2023-02-13T17:49:38","modified_gmt":"2023-02-13T16:49:38","slug":"una-exposicion-inedita-desvela-esculturas-del-maestro-de-cabestany-el-picasso-del-siglo-xii","status":"publish","type":"post","link":"https:\/\/arturamon.com\/es\/una-exposicion-inedita-desvela-esculturas-del-maestro-de-cabestany-el-picasso-del-siglo-xii\/","title":{"rendered":"Una exposici\u00f3n in\u00e9dita desvela esculturas del Maestro de Cabestany, \u201cel Picasso del siglo XII\u201d"},"content":{"rendered":"<p>31 enero 2023 | Gonzalo Moncloa | <a href=\"https:\/\/elpais.com\/espana\/catalunya\/2023-01-31\/una-exposicion-inedita-desvela-esculturas-del-maestro-de-cabestany-el-picasso-del-siglo-xii.html\" target=\"_blank\" rel=\"noopener\">El Pa\u00eds<\/a><\/p>\n<h2 class=\"a_st\">La galer\u00eda Artur Ramon de Barcelona re\u00fane hasta finales de febrero piezas provenientes del monasterio de Sant Pere de Rodes. Cuatro han sido adquiridas por la Generalitat de Catalu\u00f1a por 250.000 euros<\/h2>\n<p class=\"\">Cuando el anticuario <strong>Sergi Clavell<\/strong> observ\u00f3 aquella cabecita de marmol, de <strong>forma angulosa y ojos pronunciados<\/strong>,<a href=\"https:\/\/elpais.com\/elpais\/2018\/07\/09\/eps\/1531154365_450315.html\" target=\"_blank\" rel=\"noopener\" data-link-track-dtm=\"\">\u00a0con la mirada bien abierta<\/a>, supo que se encontraba ante algo extraordinario. Fue a <strong>mediados de 2020<\/strong>, poco despu\u00e9s del gran confinamiento, en una casa cercana al municipio ampurdan\u00e9s de <strong>Selva de Mar,<\/strong> en <strong>Girona<\/strong>. No era la \u00fanica pieza. Pronto, la due\u00f1a de la vivienda le mostr\u00f3 otros dos elementos que hab\u00edan llegado a sus manos, legados por un pastor sin descendencia, amigo de la familia: parte de los <strong>pies de un relieve<\/strong> y un<strong> fragmento de vestimenta<\/strong>. Hab\u00edan sido encontrados a <strong>principios del siglo XX<\/strong>, en las inmediaciones del milenario monasterio benedictino de<strong> Sant Pere de Rode<\/strong>s, no muy lejos de donde se encontraban. Eran restos de uno de\u00a0<a href=\"https:\/\/elpais.com\/diario\/2006\/12\/07\/catalunya\/1165457255_850215.html\" target=\"_blank\" rel=\"noopener\" data-link-track-dtm=\"\">los p\u00f3rticos monacales, presa de expolios y saqueos<\/a>\u00a0desde hace dos centurias. Vestigios en la obra de un artista an\u00f3nimo al que, solo recientemente, se conoce como el <strong>Maestro de Cabestany<\/strong>.<\/p>\n<p class=\"\">\u201c<strong>Fue el azar<\/strong>\u201d, desliz\u00f3 en alg\u00fan momento del relato <strong>Clavell<\/strong>, historiador del arte y medievalista de formaci\u00f3n, mientras caminaba por la galer\u00eda barcelonesa <strong>Artur Ramon<\/strong> hace unos d\u00edas. Se estaba inaugurando la exposici\u00f3n\u00a0<i>Maestro de Cabestany. Destellos de m\u00e1rmol<\/i>\u00a0(Calle de Bail\u00e9n, 19), que hasta el <strong>24 de febrero<\/strong> exhibir\u00e1 <strong>ocho piezas<\/strong> del artista medieval, pertenecientes en su mayor\u00eda al p\u00f3rtico occidental del cenobio benedictino. Las tres piezas que \u00e9l adquiri\u00f3, seg\u00fan destaca, \u201cnunca se hab\u00edan visto p\u00fablicamente\u201d. Pocas veces, adem\u00e1s, se han reunido tantos originales provenientes de esta\u00a0<a href=\"https:\/\/elpais.com\/diario\/2007\/01\/10\/catalunya\/1168394850_850215.html\" target=\"_blank\" rel=\"noopener\" data-link-track-dtm=\"\">obra fundamental del <strong>Maestro de Cabestany<\/strong><\/a>\u00a0(o\u00a0<i>del t\u00edmpano de Cabestany<\/i>, nombre que recibi\u00f3 por aquel fragmento escult\u00f3rico \u2013uno de los mejor conservados\u2013 que descansa en la localidad francesa hom\u00f3nima).<\/p>\n<p class=\"\">Uno de los objetivos de la exposici\u00f3n es volver a <strong>repensar la imagen<\/strong> que pudo haber tenido esta parte del monasterio. \u201cEl portico siempre ha sido un misterio: pese a toda la importancia que se le ha dado, no hay ninguna imagen de conjunto\u201d, continu\u00f3 el anticuario. El proyecto de reconstrucci\u00f3n lo empez\u00f3 a finales de los a\u00f1os noventa <strong>Jaume Barrachina<\/strong>, uno de los grandes expertos en el <strong>Maestro<\/strong>, que hizo un esbozo de c\u00f3mo ser\u00eda el p\u00f3rtico. A ello contribuyeron los cuatro fragmentos que \u00e9l pudo reunir a lo largo de su vida. Desde 2020, tras la muerte del investigador, los restos son custodiados en el museo del que este fue director, el de <strong>Castillo de Peralada<\/strong> (Girona), que los ha cedido a la galer\u00eda para la ocasi\u00f3n. La exposici\u00f3n est\u00e1 dedicada a la memoria de<strong> Barrachina<\/strong>.<\/p>\n<p class=\"\">Quien continu\u00f3 con las indagaciones fue la investigadora <strong>Laura Bartolom\u00e9<\/strong>, que ya hab\u00eda documentado en su tesis doctoral de 2010 los tres fragmentos adquiridos por Clavell. Otro de ellos, una cabeza del p\u00f3rtico que solamente\u00a0<a href=\"https:\/\/elpais.com\/ccaa\/2014\/04\/22\/catalunya\/1398196002_047956.html\" target=\"_blank\" rel=\"noopener\" data-link-track-dtm=\"\">hab\u00eda sido exhibida una vez en el <strong>Museo Nacional de Arte de Catalu\u00f1a<\/strong> (MNAC) en 2014<\/a>, fue obtenida por el anticuario <strong>Albert Mart\u00ed Palau<\/strong>, que junto a <strong>Clavell<\/strong> y a <strong>Artur Ramon<\/strong> se unieron para proyectar esta nueva exposici\u00f3n. De este modo, se ha podido proponer una nueva actualizaci\u00f3n de la imagen del <strong>p\u00f3rtico occidental de Sant Pere de Rodes<\/strong>, algo posible gracias a las piezas halladas.<\/p>\n<p><img decoding=\"async\" class=\"aligncenter\" src=\"https:\/\/imagenes.elpais.com\/resizer\/D9gSZtAWpbxOtTYfUVgLo_Zu4_k=\/414x0\/cloudfront-eu-central-1.images.arcpublishing.com\/prisa\/YDFN6GZGLRGITEUIWGIPP56W4E.jpg\" alt=\"Fragmento de figura humana, perteneciente al p\u00f3rtico occidental del monasterio de Sant Pere de Rodes (Girona)&quot;. Cortes\u00eda: Artur Ram\u00f3n Art\" \/><\/p>\n<p class=\"\">Ejemplo de ello es el fragmento de los <strong>pies de relieve<\/strong> antes mencionado. Este permiti\u00f3 realizar una hip\u00f3tesis \u2013propuesta por Bartolom\u00e9 en su tesis\u2013 que es \u201cmuy plausible\u201d, apunta <strong>Manuel Casti\u00f1eiras<\/strong>, experto en historia y arte medieval, en un nuevo cat\u00e1logo con motivo de la exposici\u00f3n. Seg\u00fan argumenta, existen <strong>motivos hist\u00f3ricos, evang\u00e9licos y tambi\u00e9n estil\u00edsticos<\/strong>. Este estudio (preparado junto a Jordi Camps, ex responsable del \u00e1rea medieval del MNAC que comisari\u00f3 aquella exposici\u00f3n del 2014) sugiere que la pieza en cuesti\u00f3n puede representar una escena evang\u00e9lica en la que una mujer que sufr\u00eda hemorragias desde los 12 a\u00f1os se cur\u00f3 tras acercarse a Cristo, en medio de una multitud, seg\u00fan se describe en el <strong>evangelio de Marcos<\/strong>.<\/p>\n<p class=\"\">La obra tambi\u00e9n pone al d\u00eda aquello que se sabe del <strong>Maestro,<\/strong> trazando mapas de sus viajes \u2013desde <strong>Catalu\u00f1a<\/strong> hasta la <strong>Toscana<\/strong>, pasando por el <strong>Languedoc franc\u00e9s<\/strong>\u2013; de la quincena de instituciones a nivel mundial que ahora custodian sus obras, as\u00ed como de las influencia que ejerci\u00f3 en su tiempo.<\/p>\n<p class=\"\">Fue el propio <strong>Casti\u00f1eiras<\/strong> quien\u00a0<a href=\"https:\/\/elpais.com\/diario\/2008\/02\/23\/cultura\/1203721201_850215.html\" target=\"_blank\" rel=\"noopener\" data-link-track-dtm=\"\">calific\u00f3 a este artista como \u201cel Picasso del siglo XII\u201d.<\/a>\u00a0El galerista <strong>Artur Ramon<\/strong> comenta que esto se debe a que el escultor \u201casimila la tradici\u00f3n, sobre todo la del mundo paleocristiano y grecorromano, y la transforma de una manera inaudita\u201d. Las <strong>caracter\u00edsticas<\/strong> del escultor, adem\u00e1s, \u201cson muy propias, como la forma tan clara de delimitar los ojos, como si fueran globos, o el particular trabajo t\u00e9cnico en la configuraci\u00f3n de la anatom\u00eda\u201d. Pronto destaca el <strong>relieve<\/strong> \u2013tambi\u00e9n perteneciente al p\u00f3rtico\u2013 denominado<i>\u00a0La aparici\u00f3n de Jes\u00fas a sus disc\u00edpulos en el mar<\/i>, en el <strong>Museo Frederic Mar\u00e9s de Barcelona<\/strong>, como una pieza \u201cfundamental\u201d para entender el mundo del escultor.<\/p>\n<p><img decoding=\"async\" class=\"aligncenter\" src=\"https:\/\/imagenes.elpais.com\/resizer\/y10w2a_mhCiwg_LO2OE1KCBCaLY=\/414x0\/cloudfront-eu-central-1.images.arcpublishing.com\/prisa\/DAE2YS5PHZFYTBOWAG33TJMMTI.jpg\" alt=\"Tres de los cuatro fragmentos de la colecci\u00f3n Barrachina, pertenecientes al Museo Castillo de Peralada&quot;. Cortes\u00eda: Artur Ram\u00f3n Art\" \/><\/p>\n<div id=\"_wmass_194-multi1\">\n<div id=\"sm-it-main-container-1676306707433\" class=\"sm-it-main-container\" data-it=\"4a79c84a-34b0-4696-a7f2-40c4044a074d\" data-device=\"desktop\" data-index=\"0\">\n<div id=\"sm-reference-1676306707433\" class=\"sm-reference\"><\/div>\n<\/div>\n<div id=\"jw-s_194194-multi1\">Los cuatro fragmentos de los anticuarios que han promovido la exposici\u00f3n fueron\u00a0<a href=\"https:\/\/elpais.com\/ccaa\/2015\/12\/26\/catalunya\/1451156726_553797.html\" target=\"_blank\" rel=\"noopener\" data-link-track-dtm=\"\">adquiridos en 2022 por la Generalitat<\/a>\u00a0por 250.000 euros, coincidiendo con el <strong>milenario de la consagraci\u00f3n<\/strong> de la iglesia del monasterio de <strong>Sant Pere de Rodes<\/strong>, el <strong>5 de octubre del a\u00f1o 1022<\/strong>. El objetivo es destinarlos a las salas dedicadas al rom\u00e1nico en el <strong>MNAC<\/strong>, para llenar lo que desde hace unos a\u00f1os\u00a0<a href=\"https:\/\/elpais.com\/ccaa\/2014\/04\/22\/catalunya\/1398196002_047956.html\" target=\"_blank\" rel=\"noopener\" data-link-track-dtm=\"\">el museo considera un \u201cvac\u00edo\u201d en su colecci\u00f3n<\/a>. Estos vestigios del <strong>Maestro de Cabestany<\/strong> acompa\u00f1ar\u00e1n otras grandes obras del rom\u00e1nico, como la pintura mural que representa al pantocr\u00e1tor, atribuida al <strong>Maestro de Tahull<\/strong>, considerado por muchos como el pintor de murales m\u00e1s importante del <strong>siglo XII<\/strong>. La comparaci\u00f3n aquel d\u00eda, durante la exhibici\u00f3n, fue habitual: lo que el <strong>Maestro de Tahull<\/strong> es a la pintura, lo es el <strong>Maestro de Cabestany<\/strong> a la escultura.<\/div>\n<\/div>\n","protected":false},"excerpt":{"rendered":"<p>31 enero 2023 | Gonzalo Moncloa | El Pa\u00eds La galer\u00eda Artur Ramon de Barcelona re\u00fane hasta finales de febrero piezas provenientes del monasterio de Sant Pere de Rodes. Cuatro [&hellip;]<\/p>\n","protected":false},"author":14,"featured_media":35171,"comment_status":"open","ping_status":"open","sticky":false,"template":"","format":"link","meta":{"_acf_changed":false,"footnotes":""},"categories":[565,698],"tags":[],"class_list":["post-35173","post","type-post","status-publish","format-link","has-post-thumbnail","hentry","category-general-es","category-prensa","post_format-post-format-link"],"acf":[],"_links":{"self":[{"href":"https:\/\/arturamon.com\/es\/wp-json\/wp\/v2\/posts\/35173","targetHints":{"allow":["GET"]}}],"collection":[{"href":"https:\/\/arturamon.com\/es\/wp-json\/wp\/v2\/posts"}],"about":[{"href":"https:\/\/arturamon.com\/es\/wp-json\/wp\/v2\/types\/post"}],"author":[{"embeddable":true,"href":"https:\/\/arturamon.com\/es\/wp-json\/wp\/v2\/users\/14"}],"replies":[{"embeddable":true,"href":"https:\/\/arturamon.com\/es\/wp-json\/wp\/v2\/comments?post=35173"}],"version-history":[{"count":0,"href":"https:\/\/arturamon.com\/es\/wp-json\/wp\/v2\/posts\/35173\/revisions"}],"wp:featuredmedia":[{"embeddable":true,"href":"https:\/\/arturamon.com\/es\/wp-json\/wp\/v2\/media\/35171"}],"wp:attachment":[{"href":"https:\/\/arturamon.com\/es\/wp-json\/wp\/v2\/media?parent=35173"}],"wp:term":[{"taxonomy":"category","embeddable":true,"href":"https:\/\/arturamon.com\/es\/wp-json\/wp\/v2\/categories?post=35173"},{"taxonomy":"post_tag","embeddable":true,"href":"https:\/\/arturamon.com\/es\/wp-json\/wp\/v2\/tags?post=35173"}],"curies":[{"name":"wp","href":"https:\/\/api.w.org\/{rel}","templated":true}]}}