{"id":35035,"date":"2023-01-16T13:49:11","date_gmt":"2023-01-16T12:49:11","guid":{"rendered":"https:\/\/nova.arturamon.com\/el-mnac-adquireix-quatre-fragments-de-la-portalada-romanica-del-monestir-de-sant-pere-de-rodes\/"},"modified":"2023-01-16T13:51:35","modified_gmt":"2023-01-16T12:51:35","slug":"el-mnac-adquireix-quatre-fragments-de-la-portalada-romanica-del-monestir-de-sant-pere-de-rodes","status":"publish","type":"post","link":"https:\/\/arturamon.com\/es\/el-mnac-adquireix-quatre-fragments-de-la-portalada-romanica-del-monestir-de-sant-pere-de-rodes\/","title":{"rendered":"El MNAC adquiere cuatro fragmentos de la portalada rom\u00e1nica del monasterio de Sant Pere de Rodes"},"content":{"rendered":"<p>29 de diciembre de 2022 | Malena Ramajo | <a href=\"https:\/\/www.elnacional.cat\/ca\/cultura\/mnac-adquireix-quatre-fragments-portalada-romanica-monestir-sant-pere-rodes_942939_102.html\" target=\"_blank\" rel=\"noopener\">El Nacional<\/a><\/p>\n<h2 class=\"entry c-mainarticle__entry\">Las piezas escult\u00f3ricas se atribuyen al Maestro de Cabestany y se han adquirido por 250.000 euros en unas galer\u00edas de antig\u00fcedades<\/h2>\n<div class=\"c-mainarticle__content-right\">\n<div class=\"article-body c-mainarticle__body\">\n<p>El Museu Nacional d&#8217;Art de Catalunya\u00a0<strong>(MNAC) ha incorporado<\/strong>\u00a0a la Colecci\u00f3n Nacional\u00a0<strong>cuatro fragmentos de la portalada rom\u00e1nica del monasterio de Sant Pere de Rodes<\/strong>\u00a0atribuidos al\u00a0<strong>Maestro de Cabestany<\/strong>\u00a0y a su taller. El museo ha adquirido las piezas por\u00a0<strong>250.000 euros<\/strong>\u00a0en las galer\u00edas de antig\u00fcedades Artur Ramon Art, Palau Antiguitats i Clavell &amp; Morgades Antiguitats. Solo una de las piezas se hab\u00eda expuesto antes; las otras tres, in\u00e9ditas, se mostrar\u00e1n ahora por primera vez al gran p\u00fablico. Est\u00e1n trabajadas en m\u00e1rmol blanco y representan dos cabezas, un peque\u00f1o fragmento de indumentaria y la parte inferior de un personaje de una escena de curaci\u00f3n de una mujer. Desde el Departament de Cultura han explicado que \u00aba pesar de su estado fragmentario,\u00a0<strong>los cuatro relieves son un fiel reflejo de la gran calidad t\u00e9cnica y de la fuerza escult\u00f3rica de su autor<\/strong>\u00ab, y que, adem\u00e1s, \u00abofrecen un abanico lo bastante elocuente del alcance monumental de la portalada ampurdanesa y de su tem\u00e1tica historiada\u00bb.<\/p>\n<h2>Obra del escultor an\u00f3nimo conocido como el Maestro de Cabestany<\/h2>\n<p>Las\u00a0<strong>piezas<\/strong>, que especialistas del museo han examinado en diferentes ocasiones, habr\u00edan formado parte de los ciclos b\u00edblicos que decoraban la gran\u00a0<strong>portada de la iglesia de Sant Pere de Rodes, construida en el segundo tercio del siglo XII<\/strong>\u00a0y destruida durante el primer tercio del siglo XIX. La portalada con esculturas de figuras humanas y escenas historiadas fechadas entre 1160 y 1163 se ha atribuido por unanimidad al\u00a0<strong>escultor an\u00f3nimo conocido como Maestro de Cabestany<\/strong>, artista equiparable a lo que en pintura representa el Maestro de Sant Climent de Ta\u00fcll. Los \u00fanicos restos que se conservan en la ubicaci\u00f3n original se encuentran a las dos lados inferiores de la puerta principal. Son dos fragmentos de m\u00e1rmol, esculpidos con motivos vegetales, animales fant\u00e1sticos y cabezas\u00a0humanas. El resto de la portalada se dispers\u00f3 y muchos elementos fueron a parar a manos de coleccionistas.<\/p>\n<p>A pesar de todo,\u00a0<strong>varias instituciones p\u00fablicas y privadas de Catalunya y del extranjero conservan algunos de los relieves<\/strong>\u00a0y fragmentos que han subsistido, hecho que\u00a0<strong>ha permitido estudiar la portada y proponer varias reconstrucciones<\/strong>. La portalada se caracterizaba por una abundante figuraci\u00f3n, que representaba pasajes evang\u00e9licos, con las caracter\u00edsticas propias del trabajo del maestro de Cabestany, como el uso de la t\u00e9cnica del tr\u00e9pano\u00a0y de modelos romanos en la composici\u00f3n que el maestro aprendi\u00f3 a partir de la observaci\u00f3n de sarc\u00f3fagos paleocristianos.<\/p>\n<p>El estudio de estas piezas ha permitido hacer\u00a0<strong>nuevas investigaciones\u00a0sobre el Maestro de Cabestany y la portada de Sant Pere de Rodes<\/strong>, que se publicar\u00e1 en el 2023 en el libro &#8216;El Mestre de Cabestany. Espurnes de marbre&#8217;, donde se dar\u00e1 a conocer una nueva reconstrucci\u00f3n hipot\u00e9tica de la portada destruida, as\u00ed como una nueva interpretaci\u00f3n sobre la funci\u00f3n y el contexto de esta obra maestra. \u00abEl ingreso de las piezas en el Museo Nacional contribuir\u00e1 a llenar el\u00a0hueco que hay actualmente sobre la escultura del Maestro de Cabestany, uno de los\u00a0<strong>artistas rom\u00e1nicos m\u00e1s originales y prol\u00edficos<\/strong>, dado que fue activo en Catalunya, Navarra, Rosell\u00f3n, Occitania y Toscana\u00bb, subraya a la Generalitat. A pesar de ser un artista an\u00f3nimo, es\u00a0<strong>una de las figuras m\u00e1s singulares y estudiadas de toda la escultura rom\u00e1nica<\/strong>, con una bibliograf\u00eda de car\u00e1cter internacional.<\/p>\n<h2>Milenario de la iglesia del monasterio de Sant Pere de Rodes<\/h2>\n<p>La adquisici\u00f3n de los fragmentos coincide con\u00a0<strong>el a\u00f1o en que se celebra el milenario de la consagraci\u00f3n de la iglesia del monasterio de Sant Pere de Rodes<\/strong>. Esta tuvo lugar\u00a0<strong>el 5 de octubre de 1022<\/strong>\u00a0y comport\u00f3 la consolidaci\u00f3n de los dominios del monasterio a principios del siglo XI y el inicio de un largo tiempo de esplendor que, como destaca la Generalitat, \u00abhoy se ve reflejado en el conjunto de construcciones del monumento y que lo han convertido en uno de los m\u00e1s queridos\u00a0y admirados de Catalunya\u00bb. Para conmemorar estos mil a\u00f1os de la consagraci\u00f3n de Sant Pere de Rodes, desde la Agencia Catalana del Patrimonio Cultural del Departamento de Cultura se han hecho diferentes\u00a0<strong>actos y celebraciones que durar\u00e1n hasta mayo de 2023.<\/strong><\/p>\n<\/div>\n<\/div>\n","protected":false},"excerpt":{"rendered":"<p>29 de diciembre de 2022 | Malena Ramajo | El Nacional Las piezas escult\u00f3ricas se atribuyen al Maestro de Cabestany y se han adquirido por 250.000 euros en unas galer\u00edas [&hellip;]<\/p>\n","protected":false},"author":14,"featured_media":35033,"comment_status":"open","ping_status":"open","sticky":false,"template":"","format":"link","meta":{"_acf_changed":false,"footnotes":""},"categories":[565,698],"tags":[],"class_list":["post-35035","post","type-post","status-publish","format-link","has-post-thumbnail","hentry","category-general-es","category-prensa","post_format-post-format-link"],"acf":[],"_links":{"self":[{"href":"https:\/\/arturamon.com\/es\/wp-json\/wp\/v2\/posts\/35035","targetHints":{"allow":["GET"]}}],"collection":[{"href":"https:\/\/arturamon.com\/es\/wp-json\/wp\/v2\/posts"}],"about":[{"href":"https:\/\/arturamon.com\/es\/wp-json\/wp\/v2\/types\/post"}],"author":[{"embeddable":true,"href":"https:\/\/arturamon.com\/es\/wp-json\/wp\/v2\/users\/14"}],"replies":[{"embeddable":true,"href":"https:\/\/arturamon.com\/es\/wp-json\/wp\/v2\/comments?post=35035"}],"version-history":[{"count":0,"href":"https:\/\/arturamon.com\/es\/wp-json\/wp\/v2\/posts\/35035\/revisions"}],"wp:featuredmedia":[{"embeddable":true,"href":"https:\/\/arturamon.com\/es\/wp-json\/wp\/v2\/media\/35033"}],"wp:attachment":[{"href":"https:\/\/arturamon.com\/es\/wp-json\/wp\/v2\/media?parent=35035"}],"wp:term":[{"taxonomy":"category","embeddable":true,"href":"https:\/\/arturamon.com\/es\/wp-json\/wp\/v2\/categories?post=35035"},{"taxonomy":"post_tag","embeddable":true,"href":"https:\/\/arturamon.com\/es\/wp-json\/wp\/v2\/tags?post=35035"}],"curies":[{"name":"wp","href":"https:\/\/api.w.org\/{rel}","templated":true}]}}