{"id":31966,"date":"2022-09-13T19:32:52","date_gmt":"2022-09-13T17:32:52","guid":{"rendered":"https:\/\/nova.arturamon.com\/la-mostra-coses-petites-i-grans-exhibeix-lobra-de-lartista-susana-solano\/"},"modified":"2022-10-20T12:10:20","modified_gmt":"2022-10-20T10:10:20","slug":"la-mostra-coses-petites-i-grans-exhibeix-lobra-de-lartista-susana-solano","status":"publish","type":"post","link":"https:\/\/arturamon.com\/es\/la-mostra-coses-petites-i-grans-exhibeix-lobra-de-lartista-susana-solano\/","title":{"rendered":"La mostra &#8216;Coses petites i grans&#8217; exhibeix l&#8217;obra de l&#8217;artista Susana Solano"},"content":{"rendered":"<p>5 de setembre de 2022 | <a href=\"https:\/\/www.lavanguardia.com\/vida\/20220905\/8504941\/mostra-coses-petites-i-grans-exhibeix-l-obra-l-artista-susana-solano.html\" target=\"_blank\" rel=\"noopener\">La Vanguardia<\/a><\/p>\n<p>ACN Barcelona &#8211; La mostra &#8216;Coses petites i grans: lleugeresa i fortalesa a l&#8217;obra de Susana Solano&#8217; presentar\u00e0 una quarantena de treballs de l&#8217;artista \u00abdes de la proximitat, com si formessin part d&#8217;una llar\u00bb, segons indiquen en una nota de premsa els responsables de la iniciativa. La galeria Artur Ramon Art de Barcelona comen\u00e7ar\u00e0 la temporada amb aquesta exposici\u00f3 el 15 de setembre, posant \u00e8mfasi en les joies que Solano crea actualment. Els treballs de l&#8217;artista es podran veure fins al 30 d&#8217;octubre. La mostra t\u00e9 pr\u00f2leg de Marta Llorente, que defensa que les obres \u00abcreen un di\u00e0leg entre elles, malgrat la diversitat de materials, formes i dimensions\u00bb.<\/p>\n<p class=\"paragraph\" data-gtm-element-container=\"modulo-texto-link\">Des de la d\u00e8cada de 1980, Solano ha exposat a galeries i institucions d&#8217;arreu del m\u00f3n. Els seus treballs s&#8217;han pogut veure des d&#8217;Estocolm fins a Tokio, Londres, Par\u00eds, Sao Paulo, Nova York, Londres o Budapest. Solano ha particiat en cert\u00e0mens internacionals com la Documenta de Kassel VIII i IX (1987 i 1992), la XIX Biennal de Sao Paulo (1987), l&#8217;Skulptur Project a M\u00fcnster (1987), la Biennal de Ven\u00e8cia (1988 i 1993) i la Carnegie Internacional de Pittsburgh (1988).<\/p>\n<p class=\"paragraph\" data-gtm-element-container=\"modulo-texto-link\">La darrera exposici\u00f3 de Susana Solano a Barcelona va ser a la Fundaci\u00f3 Sunyol el 2017. El MACBA li va dedicar una exposici\u00f3 retrospectiva el 1999 i, anteriorment, la Fundaci\u00f3 Mir\u00f3 el 1980.<\/p>\n","protected":false},"excerpt":{"rendered":"<p>5 de setembre de 2022 | La Vanguardia ACN Barcelona &#8211; La mostra &#8216;Coses petites i grans: lleugeresa i fortalesa a l&#8217;obra de Susana Solano&#8217; presentar\u00e0 una quarantena de treballs [&hellip;]<\/p>\n","protected":false},"author":14,"featured_media":31963,"comment_status":"open","ping_status":"open","sticky":false,"template":"","format":"link","meta":{"_acf_changed":false,"footnotes":""},"categories":[565,698],"tags":[],"class_list":["post-31966","post","type-post","status-publish","format-link","has-post-thumbnail","hentry","category-general-es","category-prensa","post_format-post-format-link"],"acf":[],"_links":{"self":[{"href":"https:\/\/arturamon.com\/es\/wp-json\/wp\/v2\/posts\/31966","targetHints":{"allow":["GET"]}}],"collection":[{"href":"https:\/\/arturamon.com\/es\/wp-json\/wp\/v2\/posts"}],"about":[{"href":"https:\/\/arturamon.com\/es\/wp-json\/wp\/v2\/types\/post"}],"author":[{"embeddable":true,"href":"https:\/\/arturamon.com\/es\/wp-json\/wp\/v2\/users\/14"}],"replies":[{"embeddable":true,"href":"https:\/\/arturamon.com\/es\/wp-json\/wp\/v2\/comments?post=31966"}],"version-history":[{"count":0,"href":"https:\/\/arturamon.com\/es\/wp-json\/wp\/v2\/posts\/31966\/revisions"}],"wp:featuredmedia":[{"embeddable":true,"href":"https:\/\/arturamon.com\/es\/wp-json\/wp\/v2\/media\/31963"}],"wp:attachment":[{"href":"https:\/\/arturamon.com\/es\/wp-json\/wp\/v2\/media?parent=31966"}],"wp:term":[{"taxonomy":"category","embeddable":true,"href":"https:\/\/arturamon.com\/es\/wp-json\/wp\/v2\/categories?post=31966"},{"taxonomy":"post_tag","embeddable":true,"href":"https:\/\/arturamon.com\/es\/wp-json\/wp\/v2\/tags?post=31966"}],"curies":[{"name":"wp","href":"https:\/\/api.w.org\/{rel}","templated":true}]}}