{"id":31881,"date":"2022-07-12T10:53:57","date_gmt":"2022-07-12T08:53:57","guid":{"rendered":"https:\/\/nova.arturamon.com\/leopold-samso-el-fotograf-de-la-barcelona-artistica-de-finals-del-segle-xx\/"},"modified":"2022-07-12T10:53:57","modified_gmt":"2022-07-12T08:53:57","slug":"leopold-samso-el-fotograf-de-la-barcelona-artistica-de-finals-del-segle-xx","status":"publish","type":"post","link":"https:\/\/arturamon.com\/es\/leopold-samso-el-fotograf-de-la-barcelona-artistica-de-finals-del-segle-xx\/","title":{"rendered":"Leopold Sams\u00f3, el fot\u00f2graf de la Barcelona art\u00edstica de finals del segle XX"},"content":{"rendered":"<p>Maya Casta\u00f1er | Merc\u00e8 Alsina | Diumenge, 10 de juliol de 2022 | <a href=\"https:\/\/beteve.cat\/cultura\/exposicio-leopold-samso-fotografia-barcelona-galeria-artur-ramon\/\" target=\"_blank\" rel=\"noopener\">betev\u00e9<\/a><\/p>\n<p><strong>Leopold Sams\u00f3<\/strong>\u00a0(Barcelona, 1946) va fotografiar una\u00a0<strong>Barcelona en plena transformaci\u00f3<\/strong>\u00a0a la\u00a0<strong>d\u00e8cada dels 70<\/strong>\u00a0i ho va fer des de les expressions m\u00e9s intimistes o de vegades marginals, per\u00f2 captant tota l\u2019<strong>energia del moment<\/strong>\u00a0en l\u2019\u00e8poca de la\u00a0<strong>Transici\u00f3<\/strong>. Durant els\u00a0<strong>anys 80 i 90<\/strong>\u00a0la seva proximitat amb el m\u00f3n de la cultura va donar com a fruit\u00a0<strong>una galeria de m\u00e9s de 100 retrats\u00a0<\/strong>dels personatges m\u00e9s destacats de la Barcelona del\u00a0<strong>postfranquisme<\/strong>, entre els quals\u00a0<strong>Oca\u00f1a<\/strong>,\u00a0<strong>Pau Riba<\/strong>,\u00a0<strong>Albert Vidal<\/strong>\u00a0o\u00a0<strong>Barcel\u00f3<\/strong>.\u00a0<strong>Fins al 22 de juliol\u00a0<\/strong>se\u2019n pot veure una selecci\u00f3 a la\u00a0<strong>galeria Artur Ramon<\/strong>, que ja ha presentat\u00a0<a href=\"https:\/\/beteve.cat\/cultura\/galeria-artur-ramon-humberto-rivas-giovanni-battista\/\" target=\"_blank\" rel=\"noreferrer noopener\">altres projectes fotogr\u00e0fics sobre la ciutat<\/a>.<\/p>\n<h3>Fot\u00f2graf de la Barcelona canalla<\/h3>\n<p><strong>Leopold Sams\u00f3<\/strong>\u00a0va viure intensament la\u00a0<strong>Barcelona dels anys 70 i 80<\/strong>\u00a0i amb la seva\u00a0<strong>c\u00e0mera\u00a0<\/strong>anava recollint les\u00a0<strong>imatges\u00a0<\/strong>m\u00e9s\u00a0<strong>ins\u00f2lites\u00a0<\/strong>d\u2019aquell moment.<\/p>\n<p><a href=\"https:\/\/arturamon.com\/wp-content\/uploads\/2022\/07\/110100104.jpg\" data-rel=\"lightbox-image-0\" data-rl_title=\"\" data-rl_caption=\"\" title=\"\"><img loading=\"lazy\" decoding=\"async\" class=\"size-medium wp-image-31876 aligncenter\" src=\"https:\/\/arturamon.com\/wp-content\/uploads\/2022\/07\/110100104-300x200.jpg\" alt=\"\" width=\"300\" height=\"200\" srcset=\"https:\/\/arturamon.com\/wp-content\/uploads\/2022\/07\/110100104-300x200.jpg 300w, https:\/\/arturamon.com\/wp-content\/uploads\/2022\/07\/110100104-768x512.jpg 768w, https:\/\/arturamon.com\/wp-content\/uploads\/2022\/07\/110100104-1024x683.jpg 1024w, https:\/\/arturamon.com\/wp-content\/uploads\/2022\/07\/110100104-640x427.jpg 640w, https:\/\/arturamon.com\/wp-content\/uploads\/2022\/07\/110100104-1200x801.jpg 1200w, https:\/\/arturamon.com\/wp-content\/uploads\/2022\/07\/110100104.jpg 1280w\" sizes=\"auto, (max-width: 300px) 100vw, 300px\" \/><\/a><\/p>\n<p>Per al fot\u00f2graf,\u00a0<strong>la Rambla<\/strong>\u00a0era la part m\u00e9s visible i din\u00e0mica d\u2019una<strong>\u00a0Barcelona d\u2019un canvi total<\/strong>. En destaca\u00a0<strong>l\u2019emoci\u00f3 que es podia percebre en la gent<\/strong>. Per aix\u00f2, explica, es va dedicar no la Barcelona pol\u00edtica d\u2019aquella \u00e8poca sin\u00f3 m\u00e9s aviat la Barcelona canalla.<\/p>\n<div class=\"wp-block-btv-cites-autor\">\n<div class=\"cites-autor\">\n<blockquote class=\"cites-autor__quote\"><p>Em vaig dedicar a fotografiar la Rambla, per\u00f2 no la Barcelona pol\u00edtica d\u2019aquella \u00e8poca sin\u00f3 m\u00e9s aviat la Barcelona canalla\u201d<\/p><\/blockquote>\n<div class=\"cites-autor__author\">Leopold Sams\u00f3, fot\u00f2graf<\/div>\n<\/div>\n<\/div>\n<div><\/div>\n<div>\n<h3>De Dal\u00ed a Barcel\u00f3<\/h3>\n<p>El fot\u00f2graf va freq\u00fcentar els\u00a0<strong>ambients culturals<\/strong>\u00a0de la\u00a0<strong>Barcelona dels 80<\/strong>\u00a0i va conrear una relaci\u00f3 estreta amb\u00a0<strong>intel\u00b7lectuals<\/strong>,\u00a0<strong>artistes<\/strong>,\u00a0<strong>gent del teatre<\/strong>\u00a0o\u00a0<strong>ballarins<\/strong>. La seva mirada tranquil\u00b7la i la\u00a0<strong>naturalitat\u00a0<\/strong>dels entorns i les situacions l\u2019han convertit en un\u00a0<strong>cronista en imatges<\/strong>\u00a0de la vida cultural principalment dels anys 80. Entre els artistes fotografiats, destaquen<strong>\u00a0Salvador Dal\u00ed<\/strong>, que el va inspirar com a personatge,\u00a0<strong>Antoni T\u00e0pies<\/strong>,\u00a0<strong>Joan Brossa<\/strong>,\u00a0<strong>Jaume Plensa<\/strong>\u00a0o\u00a0<strong>Miquel Barcel\u00f3<\/strong>, per\u00f2 tamb\u00e9 el van atreure l\u2019escena teatral i musical, de la qual destaquen els retrats d\u2019<strong>Albert Vidal<\/strong>,\u00a0<strong>S\u00edlvia Munt<\/strong>\u00a0o\u00a0<strong>Cesc Gelabert<\/strong>, i l\u2019ambient intel\u00b7lectual, com demostra la fotografia de\u00a0<strong>Mireia Sent\u00eds<\/strong>.<\/p>\n<p><a href=\"https:\/\/arturamon.com\/wp-content\/uploads\/2022\/06\/110100116.jpg\" data-rel=\"lightbox-image-1\" data-rl_title=\"\" data-rl_caption=\"\" title=\"\"><img loading=\"lazy\" decoding=\"async\" class=\"size-medium wp-image-31590 aligncenter\" src=\"https:\/\/arturamon.com\/wp-content\/uploads\/2022\/06\/110100116-300x220.jpg\" alt=\"\" width=\"300\" height=\"220\" srcset=\"https:\/\/arturamon.com\/wp-content\/uploads\/2022\/06\/110100116-300x220.jpg 300w, https:\/\/arturamon.com\/wp-content\/uploads\/2022\/06\/110100116-768x562.jpg 768w, https:\/\/arturamon.com\/wp-content\/uploads\/2022\/06\/110100116-1024x750.jpg 1024w, https:\/\/arturamon.com\/wp-content\/uploads\/2022\/06\/110100116-640x469.jpg 640w, https:\/\/arturamon.com\/wp-content\/uploads\/2022\/06\/110100116-1200x878.jpg 1200w, https:\/\/arturamon.com\/wp-content\/uploads\/2022\/06\/110100116.jpg 1280w\" sizes=\"auto, (max-width: 300px) 100vw, 300px\" \/><\/a><\/p>\n<p>L\u2019autor ressalta que el que m\u00e9s li agradava era tenir un<strong>\u00a0di\u00e0leg entre el fot\u00f2graf i el fotografiat<\/strong>. Per aix\u00f2 tenia molta\u00a0<strong>cura dels espais<\/strong>, ja que volia retratar els personatges en els seus respectius entorns i amb\u00a0<strong>llum natural<\/strong>. Sams\u00f3 estava acostumat a treballar amb\u00a0<strong>m\u00e0quines de gran format<\/strong>, com treballava a l\u2019estudi, per aix\u00f2\u00a0<strong>tots els retrats estan fets en 9\u00d712<\/strong>. Una part de la s\u00e8rie de retrats ha estat objecte de\u00a0<strong>donaci\u00f3 al MNAC<\/strong>.<\/p>\n<h3>Isl\u00e0ndia, en projecte<\/h3>\n<p>La petita selecci\u00f3 d\u2019<strong>imatges d\u2019Isl\u00e0ndia<\/strong>\u00a0que es poden veure en l\u2019exposici\u00f3 formen\u00a0part d\u00b4un\u00a0<strong>projecte de fotografia i documental<\/strong>\u00a0que Leopold Sams\u00f3 est\u00e0 desenvolupant conjuntament amb\u00a0<strong>Franc Aleu<\/strong>\u00a0i est\u00e0 encara\u00a0<strong>en proc\u00e9s<\/strong>.<\/p>\n<\/div>\n<p><a href=\"https:\/\/arturamon.com\/wp-content\/uploads\/2022\/06\/110100090.jpg\" data-rel=\"lightbox-image-2\" data-rl_title=\"\" data-rl_caption=\"\" title=\"\"><img loading=\"lazy\" decoding=\"async\" class=\"size-medium wp-image-31569 aligncenter\" src=\"https:\/\/arturamon.com\/wp-content\/uploads\/2022\/06\/110100090-300x200.jpg\" alt=\"\" width=\"300\" height=\"200\" srcset=\"https:\/\/arturamon.com\/wp-content\/uploads\/2022\/06\/110100090-300x200.jpg 300w, https:\/\/arturamon.com\/wp-content\/uploads\/2022\/06\/110100090-768x512.jpg 768w, https:\/\/arturamon.com\/wp-content\/uploads\/2022\/06\/110100090-1024x683.jpg 1024w, https:\/\/arturamon.com\/wp-content\/uploads\/2022\/06\/110100090-640x427.jpg 640w, https:\/\/arturamon.com\/wp-content\/uploads\/2022\/06\/110100090-1200x801.jpg 1200w, https:\/\/arturamon.com\/wp-content\/uploads\/2022\/06\/110100090.jpg 1280w\" sizes=\"auto, (max-width: 300px) 100vw, 300px\" \/><\/a><\/p>\n<p>Sams\u00f3 es va formar al taller de fotografia d\u2019<strong>Enric Gras\u00a0<\/strong>i ha tingut una extensa carrera professional en l\u2019\u00e0mbit de la\u00a0<strong>publicitat<\/strong>. En destaca tamb\u00e9 el\u00a0<strong>reportatge cultural<\/strong>, especialment a trav\u00e9s dels\u00a0<strong>viatges pel continent americ\u00e0<\/strong>. Entre els seus aprenents hi figuren\u00a0<strong>Ferran Baremblit<\/strong>, exdirector del MACBA, i\u00a0<strong>Franc Aleu<\/strong>.<\/p>\n","protected":false},"excerpt":{"rendered":"<p>Maya Casta\u00f1er | Merc\u00e8 Alsina | Diumenge, 10 de juliol de 2022 | betev\u00e9 Leopold Sams\u00f3\u00a0(Barcelona, 1946) va fotografiar una\u00a0Barcelona en plena transformaci\u00f3\u00a0a la\u00a0d\u00e8cada dels 70\u00a0i ho va fer des [&hellip;]<\/p>\n","protected":false},"author":14,"featured_media":31562,"comment_status":"open","ping_status":"open","sticky":false,"template":"","format":"link","meta":{"_acf_changed":false,"footnotes":""},"categories":[565,698],"tags":[],"class_list":["post-31881","post","type-post","status-publish","format-link","has-post-thumbnail","hentry","category-general-es","category-prensa","post_format-post-format-link"],"acf":[],"_links":{"self":[{"href":"https:\/\/arturamon.com\/es\/wp-json\/wp\/v2\/posts\/31881","targetHints":{"allow":["GET"]}}],"collection":[{"href":"https:\/\/arturamon.com\/es\/wp-json\/wp\/v2\/posts"}],"about":[{"href":"https:\/\/arturamon.com\/es\/wp-json\/wp\/v2\/types\/post"}],"author":[{"embeddable":true,"href":"https:\/\/arturamon.com\/es\/wp-json\/wp\/v2\/users\/14"}],"replies":[{"embeddable":true,"href":"https:\/\/arturamon.com\/es\/wp-json\/wp\/v2\/comments?post=31881"}],"version-history":[{"count":0,"href":"https:\/\/arturamon.com\/es\/wp-json\/wp\/v2\/posts\/31881\/revisions"}],"wp:featuredmedia":[{"embeddable":true,"href":"https:\/\/arturamon.com\/es\/wp-json\/wp\/v2\/media\/31562"}],"wp:attachment":[{"href":"https:\/\/arturamon.com\/es\/wp-json\/wp\/v2\/media?parent=31881"}],"wp:term":[{"taxonomy":"category","embeddable":true,"href":"https:\/\/arturamon.com\/es\/wp-json\/wp\/v2\/categories?post=31881"},{"taxonomy":"post_tag","embeddable":true,"href":"https:\/\/arturamon.com\/es\/wp-json\/wp\/v2\/tags?post=31881"}],"curies":[{"name":"wp","href":"https:\/\/api.w.org\/{rel}","templated":true}]}}