{"id":29535,"date":"2021-03-17T10:08:35","date_gmt":"2021-03-17T09:08:35","guid":{"rendered":"https:\/\/nova.arturamon.com\/de-piero-a-morandi\/"},"modified":"2024-02-06T16:34:17","modified_gmt":"2024-02-06T15:34:17","slug":"de-piero-a-morandi","status":"publish","type":"post","link":"https:\/\/arturamon.com\/es\/de-piero-a-morandi\/","title":{"rendered":"De Piero a Morandi"},"content":{"rendered":"<p>per Artur Ramon |\u00a0<a href=\"https:\/\/www.miradorarts.com\/ca\/de-piero-a-morandi\/\" target=\"_blank\" rel=\"noopener\">miradorarts.com<\/a><\/p>\n<h4>El tiempo se detuvo mientras miraba un peque\u00f1o bodeg\u00f3n de Morandi en M\u00f3dena. Tres objetos geom\u00e9tricos dejados lit\u00fargicamente sobre una mesa y ba\u00f1ados por la luz del amanecer. Una revelaci\u00f3n de objetos cotidianos que comparec\u00edan en el altar de Dios para celebrar lo m\u00e1s esencial que tiene la vida.<\/h4>\n<p>Me pregunt\u00e9 de d\u00f3nde ven\u00eda aquel lenguaje, y la respuesta me la dio el recuerdo de las p\u00e1ginas le\u00eddas de Roberto Longhi, el mejor cr\u00edtico de arte de su generaci\u00f3n y un fino estilista. Longhi fue amigo de Morandi \u2013su ensayo necrol\u00f3gico\u00a0<em>Exit Morandi<\/em>\u00a0es antol\u00f3gico\u2013 y amaba su pintura refinadamente po\u00e9tica.<\/p>\n<p>En 1926, Longhi public\u00f3 una monograf\u00eda sobre Piero della Francesca que devolvi\u00f3 al maestro de Borgo Sansepolcro al mapa de la historia de la pintura. Un texto juvenil donde despliega su lenguaje elocuente, en el que cristalizan las formas antiguas de Vasari con las analog\u00edas visuales de Baudelaire. Reivindica la obra de un maestro de la pintura hoy referencial pero que, en 1926, a\u00fan dorm\u00eda el sue\u00f1o del olvido.<\/p>\n<p>La gram\u00e1tica de Piero basada en la obsesi\u00f3n por la geometr\u00eda y la simetr\u00eda de los colores, la intemporalidad de sus figuras hier\u00e1ticas y los primeros experimentos claroscuristas que anticipan Caravaggio y Rembrandt no hab\u00edan tenido fortuna cr\u00edtica despu\u00e9s de su muerte. Se hab\u00eda impuesto la pintura antag\u00f3nica, la\u00a0<em>maniera<\/em>\u00a0de Miguel \u00c1ngel, como telonera del Barroco. La l\u00ednea del clasicismo de los Carracci y de Poussin, y su prolongaci\u00f3n en el neoclasicismo no ayudar\u00edan a resucitar a Piero de entre los muertos de la pintura.<\/p>\n<p>El mismo d\u00eda que Col\u00f3n pon\u00eda los pies en Am\u00e9rica, Piero mor\u00eda en su ciudad natal. As\u00ed se pon\u00eda punto final al\u00a0<em>Quattrocento<\/em>. Pasar\u00edan casi cuatro siglos y medio hasta que Longhi recuperara el mundo misterioso de Piero della Francesca a nivel historiogr\u00e1fico. Morandi, junto con Felice Casorati, Giorgio de Chirico y el primer Balthus entre otros, lo har\u00edan suyo a trav\u00e9s de la pintura.<\/p>\n<p>Despu\u00e9s, el cine tambi\u00e9n recordar\u00eda a Piero: s\u00f3lo hay que ver el \u00faltimo fotograma de\u00a0<em>L\u2019avventura<\/em>\u00a0de Antonioni, la pantalla partida en dos como en\u00a0<em>La flagelaci\u00f3n<\/em>\u00a0o la escena de la Reina de Saba ante el rey Salom\u00f3n en el ciclo de la Vera Cruz pintado en las paredes de San Francisco de Arezzo. Como dice el \u00faltimo gran pintor vivo, Miquel Barcel\u00f3, la historia de la pintura es una piedra plana rebotando en el mar.<\/p>\n<p>&nbsp;<\/p>\n<p>En la imagen:\u00a0<span style=\"color: #666666; font-size: 14.4px;\">Piero della Francesca,\u00a0<\/span><em style=\"color: #666666; font-size: 14.4px;\">La flagelaci\u00f3n<\/em><span style=\"color: #666666; font-size: 14.4px;\">, 1486-1470. Palacio Ducal de Urbino.<\/span><\/p>\n","protected":false},"excerpt":{"rendered":"<p>per Artur Ramon |\u00a0miradorarts.com El tiempo se detuvo mientras miraba un peque\u00f1o bodeg\u00f3n de Morandi en M\u00f3dena. Tres objetos geom\u00e9tricos dejados lit\u00fargicamente sobre una mesa y ba\u00f1ados por la luz [&hellip;]<\/p>\n","protected":false},"author":14,"featured_media":29533,"comment_status":"closed","ping_status":"closed","sticky":false,"template":"","format":"link","meta":{"_acf_changed":false,"footnotes":""},"categories":[407,694,740,565],"tags":[691],"class_list":["post-29535","post","type-post","status-publish","format-link","has-post-thumbnail","hentry","category-blog-diario-artur-ramon","category-escritos-ar","category-galeria-es","category-general-es","tag-miradorarts","post_format-post-format-link"],"acf":[],"_links":{"self":[{"href":"https:\/\/arturamon.com\/es\/wp-json\/wp\/v2\/posts\/29535","targetHints":{"allow":["GET"]}}],"collection":[{"href":"https:\/\/arturamon.com\/es\/wp-json\/wp\/v2\/posts"}],"about":[{"href":"https:\/\/arturamon.com\/es\/wp-json\/wp\/v2\/types\/post"}],"author":[{"embeddable":true,"href":"https:\/\/arturamon.com\/es\/wp-json\/wp\/v2\/users\/14"}],"replies":[{"embeddable":true,"href":"https:\/\/arturamon.com\/es\/wp-json\/wp\/v2\/comments?post=29535"}],"version-history":[{"count":1,"href":"https:\/\/arturamon.com\/es\/wp-json\/wp\/v2\/posts\/29535\/revisions"}],"predecessor-version":[{"id":43684,"href":"https:\/\/arturamon.com\/es\/wp-json\/wp\/v2\/posts\/29535\/revisions\/43684"}],"wp:featuredmedia":[{"embeddable":true,"href":"https:\/\/arturamon.com\/es\/wp-json\/wp\/v2\/media\/29533"}],"wp:attachment":[{"href":"https:\/\/arturamon.com\/es\/wp-json\/wp\/v2\/media?parent=29535"}],"wp:term":[{"taxonomy":"category","embeddable":true,"href":"https:\/\/arturamon.com\/es\/wp-json\/wp\/v2\/categories?post=29535"},{"taxonomy":"post_tag","embeddable":true,"href":"https:\/\/arturamon.com\/es\/wp-json\/wp\/v2\/tags?post=29535"}],"curies":[{"name":"wp","href":"https:\/\/api.w.org\/{rel}","templated":true}]}}