{"id":29262,"date":"2021-02-15T12:51:51","date_gmt":"2021-02-15T11:51:51","guid":{"rendered":"https:\/\/nova.arturamon.com\/som-tal-com-parlem\/"},"modified":"2024-02-06T16:34:17","modified_gmt":"2024-02-06T15:34:17","slug":"som-tal-com-parlem","status":"publish","type":"post","link":"https:\/\/arturamon.com\/es\/som-tal-com-parlem\/","title":{"rendered":"Somos tal como hablamos"},"content":{"rendered":"<p><a href=\"https:\/\/www.miradorarts.com\/es\/somos-tal-como-hablamos\/\" target=\"_blank\" rel=\"noopener\">miradorarts.com<\/a>\u00a0| por Artur Ramon<\/p>\n<h4 class=\"entry-title\">Hay una cita del fil\u00f3sofo Heidegger que no puedo evitar recordar cada vez que pongo la radio o la televisi\u00f3n: \u00abLa lengua es la casa de la verdad del ser\u00bb.<\/h4>\n<p><strong>En nuestros medios audiovisuales cada d\u00eda se habla peor<\/strong>; y ya no me refiero a las desordenadas estructuras gramaticales y sint\u00e1cticas, que chirr\u00edan todas, ni al l\u00e9xico limitad\u00edsimo, ni a la fon\u00e9tica contaminada del castellano, que provoca dolor de o\u00eddos, no; me refiero a la m\u00e1s elemental educaci\u00f3n.<\/p>\n<p>Ser\u00eda de sentido com\u00fan pensar que <strong>el lenguaje tiene registros, y no es lo mismo hablar por la radio o en las televisiones que hacerlo en un bar entre amigos<\/strong>. Por eso ser\u00eda razonable entender que en los medios los tacos deber\u00edan estar excluidos. Ahora, en cambio, aparecen en una de cada dos palabras. Es la utilizaci\u00f3n del taco como s\u00edmbolo de la contemporaneidad, para hacerse el modernillo.<\/p>\n<p><strong>Palabrotas que se asocian con los asuntos escatol\u00f3gicos que, en el pa\u00eds del\u00a0<em>caganer<\/em>\u00a0(Freud lo hubiera podido investigar), nos gustan tanto<\/strong>. As\u00ed, un colaborador de Catalunya R\u00e0dio comienza el programa dese\u00e1ndonos un buen d\u00eda de mierda. Cuando no se alude a la deposici\u00f3n, se utiliza \u00abla hostia\u00bb como muleta para expresar gran admiraci\u00f3n, y hay quien la repite hasta la saciedad o la une al nombre vulgar con que aludimos a quien ejerce el que, seg\u00fan dicen, es el oficio m\u00e1s antiguo del mundo.<\/p>\n<div id=\"attachment_12653\" class=\"wp-caption alignnone\">\n<p><img loading=\"lazy\" decoding=\"async\" class=\"size-full wp-image-12655\" src=\"https:\/\/www.miradorarts.com\/wp-content\/uploads\/2021\/02\/02-Ni-ma%CC%81s-ni-menos.jpg\" sizes=\"auto, (max-width: 600px) 100vw, 600px\" srcset=\"https:\/\/www.miradorarts.com\/wp-content\/uploads\/2021\/02\/02-Ni-ma\u0301s-ni-menos.jpg 600w, https:\/\/www.miradorarts.com\/wp-content\/uploads\/2021\/02\/02-Ni-ma\u0301s-ni-menos-227x300.jpg 227w\" alt=\"\" width=\"600\" height=\"794\" aria-describedby=\"caption-attachment-12653\" \/><\/p>\n<p id=\"caption-attachment-12653\" class=\"wp-caption-text\">Francisco de Goya, \u00abNi m\u00e1s ni menos\u00bb.\u00a0<em>Capricho<\/em>\u00a0n. 41, 1799.<\/p>\n<\/div>\n<p><strong>Que se hable mal es grave, pero que se haga apolog\u00eda de ello en los medios es inaceptable.<\/strong> Parapetados en una visi\u00f3n muy primitiva del humor catal\u00e1n, proliferan programas banales de la risa f\u00e1cil, los que llamo del\u00a0<em>jijij\u00ed-jajaj\u00e1<\/em>, que no s\u00f3lo no aportan nada, sino que son los grandes defensores del lenguaje grosero.<\/p>\n<p>En nuestro pa\u00eds, no es que no hayan cuajado los programas de prensa del coraz\u00f3n o de telebasura \u2013que abundan en cadenas privadas de alcance estatal\u2013, es sencillamente que no han podido prosperar porque tenemos una variedad propia que ejerce de tap\u00f3n, que son los dedicados al humor que no hace gracia. Una involuci\u00f3n curiosa de los primeros programas de este g\u00e9nero, liderados por Quim Monz\u00f3 o Mikimoto, donde<strong> el humor era una herramienta m\u00e1s al servicio de la inteligencia del guion<\/strong> (obra de autores como Francesc Orteu o Joan Tharrats). <strong>Ahora, el humor sin ton ni son, blando y mundano, sirve a una estulticia de campeonato.<\/strong><\/p>\n<div id=\"attachment_12656\" class=\"wp-caption alignnone\">\n<p><img loading=\"lazy\" decoding=\"async\" class=\"size-full wp-image-12658\" src=\"https:\/\/www.miradorarts.com\/wp-content\/uploads\/2021\/02\/03-Tu%CC%81-que-no-puedes.jpg\" sizes=\"auto, (max-width: 600px) 100vw, 600px\" srcset=\"https:\/\/www.miradorarts.com\/wp-content\/uploads\/2021\/02\/03-Tu\u0301-que-no-puedes.jpg 600w, https:\/\/www.miradorarts.com\/wp-content\/uploads\/2021\/02\/03-Tu\u0301-que-no-puedes-225x300.jpg 225w\" alt=\"\" width=\"600\" height=\"800\" aria-describedby=\"caption-attachment-12656\" \/><\/p>\n<p id=\"caption-attachment-12656\" class=\"wp-caption-text\">Francisco de Goya, \u00abT\u00fa que no puedes\u00bb.\u00a0<em>Capricho<\/em>, n. 42, 1799.<\/p>\n<\/div>\n<p><strong>La utilizaci\u00f3n del lenguaje da la medida del nivel cultural de una sociedad.<\/strong> De hecho, escuchando hablar a una persona puedes conocer qu\u00e9 formaci\u00f3n intelectual tiene, si ha le\u00eddo mucho o poco. <strong>Somos tal como hablamos.<\/strong> Si nos guiamos por este baremo, nuestro nivel es paup\u00e9rrimo y s\u00f3lo hay que escuchar a la gente que pasa por la calle y habla cuando le ponen una alcachofa (<em>aka<\/em>\u00a0<em>micr\u00f3fono<\/em>) en frente, para hacer unas declaraciones a menudo simples o ininteligibles; no pocas veces, de una burricie manifiesta.<\/p>\n<p>Un nivel similar es el de muchos de nuestros pol\u00edticos, la mayor\u00eda de los cuales tendr\u00eda que pasar por un logopeda antes de subir a la tarima a predicar la nada, discursitos rellenos de lugares comunes y t\u00f3picos que nos llegan distorsionados por el tono grosero o la dicci\u00f3n rota. <strong>Afortunadamente, todav\u00eda hay periodistas profesionales que defienden un lenguaje apropiado y referencial<\/strong>. Se me ocurren tres: Josep Cun\u00ed, Toni Cruanyes y Joaquim Maria Puyal, los dos primeros en activo, y el tercero desgraciadamente ya retirado (sin \u00e9l, las emisiones de radio del Bar\u00e7a ya no son tampoco lo que eran). Para el futuro de nuestro ser, esperamos que su ejemplo \u2013o su resistencia\u2013 contagie tanto como algunos virus.<\/p>\n<p>&nbsp;<\/p>\n<p>En la imagen:\u00a0Francisco de Goya, \u00abHasta tu abuelo\u00bb,\u00a0<em>Capricho<\/em>\u00a0n. 39, 1799.<\/p>\n","protected":false},"excerpt":{"rendered":"<p>miradorarts.com\u00a0| por Artur Ramon Hay una cita del fil\u00f3sofo Heidegger que no puedo evitar recordar cada vez que pongo la radio o la televisi\u00f3n: \u00abLa lengua es la casa de [&hellip;]<\/p>\n","protected":false},"author":14,"featured_media":29260,"comment_status":"closed","ping_status":"closed","sticky":false,"template":"","format":"link","meta":{"_acf_changed":false,"footnotes":""},"categories":[407,694,740,565],"tags":[691],"class_list":["post-29262","post","type-post","status-publish","format-link","has-post-thumbnail","hentry","category-blog-diario-artur-ramon","category-escritos-ar","category-galeria-es","category-general-es","tag-miradorarts","post_format-post-format-link"],"acf":[],"_links":{"self":[{"href":"https:\/\/arturamon.com\/es\/wp-json\/wp\/v2\/posts\/29262","targetHints":{"allow":["GET"]}}],"collection":[{"href":"https:\/\/arturamon.com\/es\/wp-json\/wp\/v2\/posts"}],"about":[{"href":"https:\/\/arturamon.com\/es\/wp-json\/wp\/v2\/types\/post"}],"author":[{"embeddable":true,"href":"https:\/\/arturamon.com\/es\/wp-json\/wp\/v2\/users\/14"}],"replies":[{"embeddable":true,"href":"https:\/\/arturamon.com\/es\/wp-json\/wp\/v2\/comments?post=29262"}],"version-history":[{"count":1,"href":"https:\/\/arturamon.com\/es\/wp-json\/wp\/v2\/posts\/29262\/revisions"}],"predecessor-version":[{"id":43686,"href":"https:\/\/arturamon.com\/es\/wp-json\/wp\/v2\/posts\/29262\/revisions\/43686"}],"wp:featuredmedia":[{"embeddable":true,"href":"https:\/\/arturamon.com\/es\/wp-json\/wp\/v2\/media\/29260"}],"wp:attachment":[{"href":"https:\/\/arturamon.com\/es\/wp-json\/wp\/v2\/media?parent=29262"}],"wp:term":[{"taxonomy":"category","embeddable":true,"href":"https:\/\/arturamon.com\/es\/wp-json\/wp\/v2\/categories?post=29262"},{"taxonomy":"post_tag","embeddable":true,"href":"https:\/\/arturamon.com\/es\/wp-json\/wp\/v2\/tags?post=29262"}],"curies":[{"name":"wp","href":"https:\/\/api.w.org\/{rel}","templated":true}]}}