{"id":29174,"date":"2021-01-25T10:44:57","date_gmt":"2021-01-25T09:44:57","guid":{"rendered":"https:\/\/nova.arturamon.com\/el-museu-episcopal-de-vic\/"},"modified":"2024-12-09T11:04:17","modified_gmt":"2024-12-09T10:04:17","slug":"el-museu-episcopal-de-vic","status":"publish","type":"post","link":"https:\/\/arturamon.com\/es\/el-museu-episcopal-de-vic\/","title":{"rendered":"El Museo Episcopal de Vic"},"content":{"rendered":"<p><a href=\"https:\/\/www.miradorarts.com\/ca\/el-museu-episcopal-de-vic\/\" target=\"_blank\" rel=\"noopener\">miradorarts.com<\/a>\u00a0| por\u00a0Artur Ramon<\/p>\n<h4 class=\"destacat\">Vic es una de las ciudades m\u00e1s bellas de Catalu\u00f1a.<\/h4>\n<p>Me gusta pasearme por la Rambla y adentrarme en el laberinto de la ciudad vieja y caminar bajo la sombra del Templo Romano, y bajar hasta la Catedral forrada con las pinturas tintorettianas de Sert: una ensalada de oro y chocolate. A cincuenta metros hay un edificio moderno \u2013obra del recientemente fallecido Federico Correa\u2013 que alberga el Museo Episcopal de Vic, el <a href=\"https:\/\/arturamon.com\/es\/\">mejor museo de arte<\/a> medieval catal\u00e1n, MNAC aparte.<\/p>\n<p>La primera vez que lo visit\u00e9 \u2013me deber\u00eda llevar mi padre cuando era un ni\u00f1o\u2013 estaba integrado en la Catedral, y lo recuerdo como un desbarajuste de piezas, vitrinas destartaladas y mucho polvo; como un viejo museo municipal siciliano. El museo de ahora es su ant\u00edtesis, uno de los mejor hechos aqu\u00ed en casa.<\/p>\n<p>Cuando lo visito, voy directamente a la planta que est\u00e1 a pie de calle para ver el\u00a0<em>Descendimiento de Erill la Vall<\/em>. Esculturas articuladas de madera que de tan erosionadas parecen de corcho, salidas del t\u00fanel del tiempo. El \u00abmal ladr\u00f3n\u00bb Gestas nos saca la lengua, infeliz como es, con los ojos tapados obviando su inminente final. Se despliegan un grupo de\u00a0<em>Maiestas Mariae<\/em>\u00a0y Cristos crucificados de diversa calidad y nivel de conservaci\u00f3n, algunos, para m\u00ed, demasiado restaurados siguiendo los criterios antiguos de mejorar la pieza a trav\u00e9s de un proceso irreversible y con un resultado a veces lamentable.<\/p>\n<div id=\"attachment_12435\" class=\"wp-caption alignnone\" style=\"width: 480px;\">\n<p><img loading=\"lazy\" decoding=\"async\" class=\" wp-image-12435\" src=\"https:\/\/www.miradorarts.com\/wp-content\/uploads\/2021\/01\/02-Captura-de-Pantalla-2021-01-22-a-les-10.34.48.jpg\" sizes=\"auto, (max-width: 600px) 100vw, 600px\" srcset=\"https:\/\/www.miradorarts.com\/wp-content\/uploads\/2021\/01\/02-Captura-de-Pantalla-2021-01-22-a-les-10.34.48.jpg 600w, https:\/\/www.miradorarts.com\/wp-content\/uploads\/2021\/01\/02-Captura-de-Pantalla-2021-01-22-a-les-10.34.48-255x300.jpg 255w\" alt=\"\" width=\"480\" height=\"565\" aria-describedby=\"caption-attachment-12435\" \/><\/p>\n<p id=\"caption-attachment-12435\" class=\"wp-caption-text\"><em>Majestad de Sant Boi de Llu\u00e7an\u00e8s<\/em>, segunda mitad del siglo XII. MEV.<\/p>\n<\/div>\n<p>De las tallas, la que m\u00e1s me gusta es la\u00a0<em>Majestad de San Boi de Llobregat<\/em>, de la segunda mitad del XII, que es, con menos policrom\u00eda, hermana de la\u00a0<em>Batll\u00f3<\/em>\u00a0del MNAC. Me fascina el diablo que se cuelga de la balanza para ganarle la partida al arc\u00e1ngel Miguel en el lateral de altar del maestro de Soriguerola. El retablo de Bernat Saulet y colaboradores de la\u00a0<em>Vida de Cristo<\/em>\u00a0procedente de Sant Joan de les Abadesses es un c\u00f3mic fosilizado en alabastro. Un prodigio.<\/p>\n<p>La pintura g\u00f3tica del museo es una maravilla. El gerundense Llu\u00eds Borrass\u00e0 es la estrella y no puedo dejar de mirar como pinta las\u00a0<em>Tentaciones de San Antonio<\/em>\u00a0con el Diablo disfrazado de mujer fatal. Y no digamos el majestuoso retablo de la advocaci\u00f3n franciscana que la \u00faltima vez que lo vi no se encend\u00eda la luz de la sala, y no me import\u00f3 porque me permiti\u00f3 captarlo como se hac\u00eda originalmente con los dorados comi\u00e9ndoselo todo.<\/p>\n<div id=\"attachment_12438\" class=\"wp-caption alignnone\" style=\"width: 501px;\">\n<p><img loading=\"lazy\" decoding=\"async\" class=\" wp-image-12438\" src=\"https:\/\/www.miradorarts.com\/wp-content\/uploads\/2021\/01\/03-Captura-de-Pantalla-2021-01-22-a-les-10.51.20.jpg\" sizes=\"auto, (max-width: 600px) 100vw, 600px\" srcset=\"https:\/\/www.miradorarts.com\/wp-content\/uploads\/2021\/01\/03-Captura-de-Pantalla-2021-01-22-a-les-10.51.20.jpg 600w, https:\/\/www.miradorarts.com\/wp-content\/uploads\/2021\/01\/03-Captura-de-Pantalla-2021-01-22-a-les-10.51.20-259x300.jpg 259w\" alt=\"\" width=\"501\" height=\"579\" aria-describedby=\"caption-attachment-12438\" \/><\/p>\n<p id=\"caption-attachment-12438\" class=\"wp-caption-text\">Ramon de Mur, detalle del\u00a0<em>Retablo de Guimer\u00e0<\/em>, 1402-1412. MEV.<\/p>\n<\/div>\n<p>Me encanta el monumental\u00a0<em>Retablo de Guimer\u00e0<\/em>\u00a0de Ramon de Mur, del g\u00f3tico internacional, y me fijo en los paisajes de rocas afiladas detr\u00e1s del Nacimiento de Cristo o en Ad\u00e1n y Eva cuando son expulsados del Para\u00edso como si salieran de un palacio fant\u00e1stico de color de sorbete de fresa, o en el mar Rojo abri\u00e9ndose como las tumbas del Juicio Final. Una interpretaci\u00f3n maravillosa de la iconograf\u00eda con ecos llegados de Siena que hubiera hecho las delicias de Dal\u00ed.<\/p>\n<div id=\"attachment_12441\" class=\"wp-caption alignnone\" style=\"width: 506px;\">\n<p><img loading=\"lazy\" decoding=\"async\" class=\" wp-image-12441\" src=\"https:\/\/www.miradorarts.com\/wp-content\/uploads\/2021\/01\/05-Captura-de-Pantalla-2021-01-22-a-les-12.16.24.jpg\" sizes=\"auto, (max-width: 600px) 100vw, 600px\" srcset=\"https:\/\/www.miradorarts.com\/wp-content\/uploads\/2021\/01\/05-Captura-de-Pantalla-2021-01-22-a-les-12.16.24.jpg 600w, https:\/\/www.miradorarts.com\/wp-content\/uploads\/2021\/01\/05-Captura-de-Pantalla-2021-01-22-a-les-12.16.24-223x300.jpg 223w\" alt=\"\" width=\"506\" height=\"681\" aria-describedby=\"caption-attachment-12441\" \/><\/p>\n<p id=\"caption-attachment-12441\" class=\"wp-caption-text\">Joan Gasc\u00f3,\u00a0<em>Santa Faz<\/em>, hacia 1513. MEV.<\/p>\n<\/div>\n<p>El Renacimiento est\u00e1 muy bien representado con la saga de los Gasc\u00f3. Impresiona la\u00a0<em>Santa Faz\u00a0<\/em>de Joan Gasc\u00f3, que anticipa el patetismo del Barroco y contrasta con la escena del\u00a0<em>Nacimiento<\/em>\u00a0de Pere Gasc\u00f3, a la que \u00faltimamente se ha sumado una nueva versi\u00f3n, generosamente depositada por el mecenas Joan-Artur Roura i Comas.<\/p>\n<p>Una de mis piezas favoritas del museo es el frontal de altar llamado\u00a0<em><a href=\"https:\/\/www.museuepiscopalvic.com\/ca\/colleccions\/teixit-i-indumentaria\/frontal-daltar-anomenat-drap-de-les-bruixes-mev-557\">\u00abPa\u00f1o de las Brujas\u00bb<\/a><\/em>, que se conserva en el piso superior entre otras piezas textiles. El esplendor de Al-\u00c1ndalus se concentra en esta obra que hace un metro por dos aproximadamente, donde se representan animales fant\u00e1sticos con cuerpo de le\u00f3n, alas de ave, garras de arp\u00eda y cola de serpiente entre cabezas de pantera , todo ba\u00f1ado en un rojo sanguinolento.<\/p>\n<div id=\"attachment_12444\" class=\"wp-caption alignnone\" style=\"width: 477px;\">\n<p><img loading=\"lazy\" decoding=\"async\" class=\" wp-image-12444\" src=\"https:\/\/www.miradorarts.com\/wp-content\/uploads\/2021\/01\/05-MEpiscopalVIc-Martorell-Eula%CC%80lia-neu-1.jpg\" sizes=\"auto, (max-width: 600px) 100vw, 600px\" srcset=\"https:\/\/www.miradorarts.com\/wp-content\/uploads\/2021\/01\/05-MEpiscopalVIc-Martorell-Eula\u0300lia-neu-1.jpg 600w, https:\/\/www.miradorarts.com\/wp-content\/uploads\/2021\/01\/05-MEpiscopalVIc-Martorell-Eula\u0300lia-neu-1-300x290.jpg 300w\" alt=\"\" width=\"477\" height=\"460\" aria-describedby=\"caption-attachment-12444\" \/><\/p>\n<p id=\"caption-attachment-12444\" class=\"wp-caption-text\">Bernat Martorell,\u00a0<em>Crucifixi\u00f3n de Santa Eulalia<\/em>, del retablo de Santa Eulalia y San Juan, 1427-1437. MEV.<\/p>\n<\/div>\n<p>El Museo Episcopal de Vic hace un trabajo excelente. Su web y comunicaci\u00f3n digital son muy buenas, y las exposiciones, de primera. Su pasivo es los pocos visitantes que recibe; descontando las escuelas, poqu\u00edsimos, muy por debajo de los que merece. En fin, es un mal end\u00e9mico del pa\u00eds, ya hemos hablado de ello, qu\u00e9 le vamos a hacer.<\/p>\n<p>Cuando marchaba del MEV, empezaba a nevar y asoci\u00e9 el ritmo hipn\u00f3tico de los copos con una de las mejores im\u00e1genes del museo y del g\u00f3tico internacional. La tabla de la\u00a0<em>Crucifixi\u00f3n de santa Eulalia<\/em>\u00a0de Bernat Martorell (1427-1437) donde la santa con cara de Virgen de Malinas, medio desnuda, adentra su cuerpo ast\u00e9nico en la nieve que ella misma ha provocado como si se probara la parte de abajo de un vestido de novia, todo ello por pudor y dignidad\u2026 \u00bfPuede haber una invenci\u00f3n m\u00e1s bella? Poes\u00eda pintada\u2026<\/p>\n<p>A l&#8217;imatge: <em>Descendimiento de Erill la Vall<\/em>, siglo XII. MEV. El personaje de la izquierda es el \u00abmal ladr\u00f3n\u00bb Gestas.<\/p>\n","protected":false},"excerpt":{"rendered":"<p>miradorarts.com\u00a0| por\u00a0Artur Ramon Vic es una de las ciudades m\u00e1s bellas de Catalu\u00f1a. Me gusta pasearme por la Rambla y adentrarme en el laberinto de la ciudad vieja y caminar [&hellip;]<\/p>\n","protected":false},"author":14,"featured_media":29172,"comment_status":"closed","ping_status":"closed","sticky":false,"template":"","format":"link","meta":{"_acf_changed":false,"footnotes":""},"categories":[407,694,740,565],"tags":[691],"class_list":["post-29174","post","type-post","status-publish","format-link","has-post-thumbnail","hentry","category-blog-diario-artur-ramon","category-escritos-ar","category-galeria-es","category-general-es","tag-miradorarts","post_format-post-format-link"],"acf":[],"_links":{"self":[{"href":"https:\/\/arturamon.com\/es\/wp-json\/wp\/v2\/posts\/29174","targetHints":{"allow":["GET"]}}],"collection":[{"href":"https:\/\/arturamon.com\/es\/wp-json\/wp\/v2\/posts"}],"about":[{"href":"https:\/\/arturamon.com\/es\/wp-json\/wp\/v2\/types\/post"}],"author":[{"embeddable":true,"href":"https:\/\/arturamon.com\/es\/wp-json\/wp\/v2\/users\/14"}],"replies":[{"embeddable":true,"href":"https:\/\/arturamon.com\/es\/wp-json\/wp\/v2\/comments?post=29174"}],"version-history":[{"count":2,"href":"https:\/\/arturamon.com\/es\/wp-json\/wp\/v2\/posts\/29174\/revisions"}],"predecessor-version":[{"id":44942,"href":"https:\/\/arturamon.com\/es\/wp-json\/wp\/v2\/posts\/29174\/revisions\/44942"}],"wp:featuredmedia":[{"embeddable":true,"href":"https:\/\/arturamon.com\/es\/wp-json\/wp\/v2\/media\/29172"}],"wp:attachment":[{"href":"https:\/\/arturamon.com\/es\/wp-json\/wp\/v2\/media?parent=29174"}],"wp:term":[{"taxonomy":"category","embeddable":true,"href":"https:\/\/arturamon.com\/es\/wp-json\/wp\/v2\/categories?post=29174"},{"taxonomy":"post_tag","embeddable":true,"href":"https:\/\/arturamon.com\/es\/wp-json\/wp\/v2\/tags?post=29174"}],"curies":[{"name":"wp","href":"https:\/\/api.w.org\/{rel}","templated":true}]}}