{"id":29115,"date":"2021-01-20T12:10:47","date_gmt":"2021-01-20T11:10:47","guid":{"rendered":"https:\/\/nova.arturamon.com\/a-proposit-de-botticelli\/"},"modified":"2024-12-09T11:05:12","modified_gmt":"2024-12-09T10:05:12","slug":"a-proposit-de-botticelli","status":"publish","type":"post","link":"https:\/\/arturamon.com\/es\/a-proposit-de-botticelli\/","title":{"rendered":"A prop\u00f3sito de Botticelli"},"content":{"rendered":"<p><a href=\"https:\/\/www.miradorarts.com\/es\/a-proposito-de-botticelli\/\" target=\"_blank\" rel=\"noopener\">miradorarts.com<\/a>\u00a0|\u00a018 enero, 2021<\/p>\n<h4 class=\"destacat\">El pr\u00f3ximo 28 de enero, en uno de los pisos altos del rascacielos que Sotheby \u2018s tiene en Manhattan, se subasta un Botticelli.<\/h4>\n<p>Se trata de un retrato de un chico joven y hermoso, que parece insertado en una caja de madera. Pertenece a la d\u00e9cada de entre 1470-80, cuando Botticelli depura y economiza sus retratos reforzando la imagen frontal y recortando la figura sobre un fondo neutro.<\/p>\n<p>El retratado \u2013no se sabe exactamente qui\u00e9n es pero se apunta el nombre de Giovanni da Medici, hermano de Lorenzo el Magn\u00edfico\u2013 mira directamente al espectador como un joven modelo de hoy mirar\u00eda, seguro y eterno, a c\u00e1mara. Los ojos claros con los que nos interroga contrastan con el cabello dorado tirando a rojo,\u00a0<em>strawbery blonde<\/em>\u00a0dicen precisamente en ingl\u00e9s. Parece talmente el hermano de la Venus que Botticelli hace salir de una concha. Rostro ang\u00e9lico y andr\u00f3gino que destaca sobre el azul de un cielo radiante tras una nevada. De hecho, el cuadro es, entre otras cosas, una apolog\u00eda de las diversas variaciones del azul que culmina con su vestido ya tirando a gris que anuncia el uniforme mao\u00edsta.<\/p>\n<p>Lleva un objeto que sujeta con las dos manos: un peque\u00f1o tondo pintado sobre madera de un santo del\u00a0<em>Trecento<\/em>, una rareza que ha llevado de cabeza a los especialistas. A pesar de las diversas opiniones sobre el porqu\u00e9 de esta obra dentro de la obra parece que existe el consenso de que se trata de una pintura del sien\u00e9s Bartolomeo Bulgarini, pero no se sabe si sustitu\u00eda un medall\u00f3n pintado por Botticelli o el propio artista opt\u00f3 por incorporar un elemento anterior a su retrato.<\/p>\n<p>La procedencia no puede ser mejor. Viene de una familia de pedigr\u00ed, los Newborough del norte de Gales. Est\u00e1 estimada en ochenta millones de d\u00f3lares, pero posiblemente superar\u00e1 los cien. El actual propietario, Sheldon Solow, no podr\u00e1 enterarse del resultado. Con noventa y dos a\u00f1os, en noviembre pasado muri\u00f3. Sus herederos deber\u00e1n decidir si con el dinero recibido impulsan la fundaci\u00f3n de arte que su padre quer\u00eda iniciar o lo dedican a otros menesteres.<\/p>\n<div id=\"attachment_12308\" class=\"wp-caption alignnone\">\n<p><img loading=\"lazy\" decoding=\"async\" class=\"size-full wp-image-12308\" src=\"https:\/\/www.miradorarts.com\/wp-content\/uploads\/2021\/01\/Botticelli_-_Michael_Tarchaniota_Marullus.jpg\" sizes=\"auto, (max-width: 600px) 100vw, 600px\" srcset=\"https:\/\/www.miradorarts.com\/wp-content\/uploads\/2021\/01\/Botticelli_-_Michael_Tarchaniota_Marullus.jpg 600w, https:\/\/www.miradorarts.com\/wp-content\/uploads\/2021\/01\/Botticelli_-_Michael_Tarchaniota_Marullus-212x300.jpg 212w\" alt=\"\" width=\"600\" height=\"849\" \/><\/p>\n<p class=\"wp-caption-text\">Sandro Botticelli,\u00a0<em>Retrato de\u00a0Michele Marullo Tarcaniota<\/em>, 1494,1497.<\/p>\n<\/div>\n<p>Habr\u00e1 una familia catalana que estar\u00e1 muy pendiente de esta venta. Se trata de los Guardans i Camb\u00f3, que tienen otro retrato de Botticelli, el de Michelle Marullo Tarnacota, depositado durante muchos a\u00f1os en el Prado y que est\u00e1 en venta. S\u00f3lo se conocen doce retratos de Botticelli en el mundo, la mayor\u00eda en <a href=\"https:\/\/arturamon.com\/es\/anticuario\/coleccion\/\">museos y colecciones privadas<\/a>. No deja de ser un acontecimiento extraordinario que ahora mismo haya dos en venta.<\/p>\n<p>Si son piezas similares, \u00bfpor qu\u00e9 el de Nueva York se estima en \u20ac80M y por el de los Camb\u00f3 se piden \u20ac30? El problema del retrato Camb\u00f3 es que no tiene permiso de exportaci\u00f3n porque el Ministerio de Cultura lo declar\u00f3 BIC (Bien de inter\u00e9s Cultural) y, en consecuencia, es inexportable. Esto no quiere decir que, al no tener una demanda global, el precio se deval\u00fae dram\u00e1ticamente y los sesenta millones \u2013la imagen es menos atractiva y presenta peor estado de conservaci\u00f3n que el de Nueva York\u2013 en los que estaba asegurado cuando colgaba del Prado, hayan quedado reducidos a treinta y que, a pesar de la sustancial rebaja, con este precio sea muy dif\u00edcil de encontrar un cliente, institucional o particular, en Espa\u00f1a.<\/p>\n<p>El anterior Ministro de Cultura Jos\u00e9 Guirao declar\u00f3 que su destino era el MNAC, lo que no dijo entonces es qui\u00e9n y c\u00f3mo lo pagar\u00eda. La situaci\u00f3n es absurda e injusta para los Camb\u00f3, que se ven atados de pies y manos para vender un Botticelli que, por cierto, fue adquirido por el patriarca, Francesc Camb\u00f3, en 1932, a un empresario berlin\u00e9s, y lo tuvo en un caballete en su despacho durante a\u00f1os.<\/p>\n<p>El problema de todo esto es la ultraproteccionista Ley de Patrimonio que tenemos, de 1985, obsoleta, que no protege el justo equilibrio entre la salvaguarda del patrimonio y el libre mercado del arte. De este asunto, que da para m\u00e1s espacio del que se supone dispongo en este breviario, me ocupar\u00e9 otro d\u00eda\u2026<\/p>\n<p style=\"text-align: right;\">Artur Ramon<\/p>\n","protected":false},"excerpt":{"rendered":"<p>miradorarts.com\u00a0|\u00a018 enero, 2021 El pr\u00f3ximo 28 de enero, en uno de los pisos altos del rascacielos que Sotheby \u2018s tiene en Manhattan, se subasta un Botticelli. Se trata de un [&hellip;]<\/p>\n","protected":false},"author":14,"featured_media":29112,"comment_status":"closed","ping_status":"closed","sticky":false,"template":"","format":"link","meta":{"_acf_changed":false,"footnotes":""},"categories":[407,694,740,565],"tags":[691],"class_list":["post-29115","post","type-post","status-publish","format-link","has-post-thumbnail","hentry","category-blog-diario-artur-ramon","category-escritos-ar","category-galeria-es","category-general-es","tag-miradorarts","post_format-post-format-link"],"acf":[],"_links":{"self":[{"href":"https:\/\/arturamon.com\/es\/wp-json\/wp\/v2\/posts\/29115","targetHints":{"allow":["GET"]}}],"collection":[{"href":"https:\/\/arturamon.com\/es\/wp-json\/wp\/v2\/posts"}],"about":[{"href":"https:\/\/arturamon.com\/es\/wp-json\/wp\/v2\/types\/post"}],"author":[{"embeddable":true,"href":"https:\/\/arturamon.com\/es\/wp-json\/wp\/v2\/users\/14"}],"replies":[{"embeddable":true,"href":"https:\/\/arturamon.com\/es\/wp-json\/wp\/v2\/comments?post=29115"}],"version-history":[{"count":2,"href":"https:\/\/arturamon.com\/es\/wp-json\/wp\/v2\/posts\/29115\/revisions"}],"predecessor-version":[{"id":44943,"href":"https:\/\/arturamon.com\/es\/wp-json\/wp\/v2\/posts\/29115\/revisions\/44943"}],"wp:featuredmedia":[{"embeddable":true,"href":"https:\/\/arturamon.com\/es\/wp-json\/wp\/v2\/media\/29112"}],"wp:attachment":[{"href":"https:\/\/arturamon.com\/es\/wp-json\/wp\/v2\/media?parent=29115"}],"wp:term":[{"taxonomy":"category","embeddable":true,"href":"https:\/\/arturamon.com\/es\/wp-json\/wp\/v2\/categories?post=29115"},{"taxonomy":"post_tag","embeddable":true,"href":"https:\/\/arturamon.com\/es\/wp-json\/wp\/v2\/tags?post=29115"}],"curies":[{"name":"wp","href":"https:\/\/api.w.org\/{rel}","templated":true}]}}