{"id":29007,"date":"2020-12-31T09:28:04","date_gmt":"2020-12-31T08:28:04","guid":{"rendered":"https:\/\/nova.arturamon.com\/breviari-2020\/"},"modified":"2024-02-06T16:34:19","modified_gmt":"2024-02-06T15:34:19","slug":"breviari-2020","status":"publish","type":"post","link":"https:\/\/arturamon.com\/es\/breviari-2020\/","title":{"rendered":"Breviario: 2020"},"content":{"rendered":"<p><a href=\"https:\/\/www.miradorarts.com\/es\/2020\/\" target=\"_blank\" rel=\"noopener\">miradorarts.com<\/a>\u00a0| por Artur Ramon<\/p>\n<h4>Una amiga m\u00eda me recuerda un dicho que de peque\u00f1a o\u00eda en su casa: \u00aba\u00f1o bisiesto, a\u00f1o siniestro\u00bb.<\/h4>\n<p>Cuando el a\u00f1o era bisiesto, ella se fijaba en si se cumpl\u00eda o no la profec\u00eda. Nunca se cumpli\u00f3 hasta que ha llegado este a\u00f1o de mierda que dice nuestro Mes\u00edas. Tradicionalmente, los a\u00f1os que tienen un d\u00eda m\u00e1s de los 365 normativos \u2013el cual se a\u00f1ade en febrero, que pasa de 28 a 29\u2013, suelen traer todo tipo de maldades. Por suerte, esto ocurre cada cuatro a\u00f1os. Miro atr\u00e1s y 2008 cay\u00f3 en a\u00f1o bisiesto, tambi\u00e9n 2012, que fue terrible para m\u00ed. Detr\u00e1s de cada refr\u00e1n hay una verdad.<\/p>\n<p>Vivir, en gran medida, es resistir. Y este a\u00f1o a fe de Dios que hemos resistido todos los embates que nos ha tra\u00eddo la pandemia. Nos hemos japonizado borr\u00e1ndonos las sonrisas, nos hemos robotizado neg\u00e1ndonos los abrazos y los besos. Nos hemos confinado como monjes de clausura y hemos hecho del hogar una fortificaci\u00f3n o una trinchera. Hemos vivido dentro de burbujas est\u00e9riles, pompas como las que pint\u00f3 el Bosco en su delicioso jard\u00edn particular.<\/p>\n<p>Como en un viaje en el tiempo, hemos retrocedido a las primeras civilizaciones agr\u00edcolas, los remotos tiempos grecolatinos, donde todo funcionaba a trav\u00e9s de la lucha de contrarios. Nuestra dial\u00e9ctica, m\u00e1s sofisticada, ha basculado en el comprometido equilibrio entre la salud y la econom\u00eda, entre el control y la libertad, entre el mundo real y el virtual.<\/p>\n<p>Y hemos descubierto a los epidemi\u00f3logos, que han salido de debajo de las piedras \u2013tan satisfechos al pasar del anonimato a la celebridad\u2013, y \u00e9stos han profetizado como ya hab\u00edan hecho hace doce a\u00f1os los economistas. Al final hemos descubierto que nadie sab\u00eda nada. Ni la profec\u00eda del tiempo en el que tendr\u00edamos la vacuna se ha cumplido, y \u00e9sta, como la estrella de Bel\u00e9n, ha llegado mucho antes de lo que predicaban los profetas del Apocalipsis.<\/p>\n<p>Entre tanto dolor por las p\u00e9rdidas y los estragos econ\u00f3micos y sociales provocados por el monstruo, ha habido algunos faros de esperanza. De entre estos, destacar\u00eda la eliminaci\u00f3n de Trump, la coordinaci\u00f3n de la Comunidad Europea en las ayudas, y el \u00e9xito cient\u00edfico al conseguir el ant\u00eddoto: tres puntos de luz entre tanta oscuridad.<\/p>\n<p>\u00bfC\u00f3mo ser\u00e1 el paisaje despu\u00e9s de la batalla? \u00bfcomo salir de esta gran crisis? No tengo ni idea. Quiz\u00e1s orejudos y desnortados, llenos de cicatrices an\u00edmicas, fr\u00e1giles, desconfiados y temerosos. El s\u00edndrome postCovid durar\u00e1 tiempo, despu\u00e9s de que se erradique el mal, y posiblemente cambiar\u00e1 el marco mental, el comportamiento consumista, las relaciones humanas y sociales.\u00a0<em>Chi lo sa!!!<\/em>\u00a0O tal vez no pasar\u00e1 nada y volveremos pronto a la vieja normalidad, que es donde queremos devolver, y no a esta nueva, llena de restricciones.<\/p>\n<p>\u00bfQu\u00e9 papel juega la cultura en todo esto? Durante el confinamiento fue un refugio, ahora parece que es un estorbo. Algunos se la han apropiado, reduci\u00e9ndola a las artes esc\u00e9nicas, como antes era de los fil\u00f3logos o de los cocineros. Los ejes culturales han girado sobre la desigualdad, la diversidad, el g\u00e9nero y la raza, y es normal, porque la cultura recoge y expresa el clima en el que nos movemos. Tambi\u00e9n se ha acentuado una preocupante apolog\u00eda de la ignorancia y la vulgaridad \u2013a menudo, entre nosotros, freudianamente escatol\u00f3gica\u2013 cada d\u00eda mayor y azuzada por la pol\u00edtica y los medios. Y ha sonado con m\u00e1s fuerza que nunca el canto de sirena de la contemporaneidad: no todo es presente.<\/p>\n<p>Y \u00faltimamente, como me indica Rafael Argullol, se ha a\u00f1adido la cultura de la fealdad, de la que Barcelona es la capital. En nombre del urbanismo t\u00e1ctico, con nocturnidad y confinamiento, las calles del Ensanche se transformaron en un parch\u00eds desolador donde el contenedor es el rey.<\/p>\n<p>En fin, caminamos todav\u00eda en el coraz\u00f3n de la noche, y no siento la nostalgia de un a\u00f1o para olvidar. Tampoco har\u00e9 ninguna lista de prop\u00f3sitos. Brindar\u00e9 con los m\u00edos dentro de mi burbuja -\u2013antes llamar\u00e9 al Procicat para que me autoricen\u2013 y me preparar\u00e9 para seguir resistiendo a la espera de que 2021, a\u00f1o que no es bisiesto, sea mejor que \u00e9ste, que he despedido con una satisfacci\u00f3n totalmente inusual.<\/p>\n<p>&nbsp;<\/p>\n<p>Imagen del coronavirus captada por un microscopio electr\u00f3nico. Foto: National Institute of Allergy and Infectious Diseases (NIAID).<\/p>\n","protected":false},"excerpt":{"rendered":"<p>miradorarts.com\u00a0| por Artur Ramon Una amiga m\u00eda me recuerda un dicho que de peque\u00f1a o\u00eda en su casa: \u00aba\u00f1o bisiesto, a\u00f1o siniestro\u00bb. Cuando el a\u00f1o era bisiesto, ella se fijaba [&hellip;]<\/p>\n","protected":false},"author":14,"featured_media":29005,"comment_status":"closed","ping_status":"closed","sticky":false,"template":"","format":"link","meta":{"_acf_changed":false,"footnotes":""},"categories":[407,694,740,565],"tags":[691],"class_list":["post-29007","post","type-post","status-publish","format-link","has-post-thumbnail","hentry","category-blog-diario-artur-ramon","category-escritos-ar","category-galeria-es","category-general-es","tag-miradorarts","post_format-post-format-link"],"acf":[],"_links":{"self":[{"href":"https:\/\/arturamon.com\/es\/wp-json\/wp\/v2\/posts\/29007","targetHints":{"allow":["GET"]}}],"collection":[{"href":"https:\/\/arturamon.com\/es\/wp-json\/wp\/v2\/posts"}],"about":[{"href":"https:\/\/arturamon.com\/es\/wp-json\/wp\/v2\/types\/post"}],"author":[{"embeddable":true,"href":"https:\/\/arturamon.com\/es\/wp-json\/wp\/v2\/users\/14"}],"replies":[{"embeddable":true,"href":"https:\/\/arturamon.com\/es\/wp-json\/wp\/v2\/comments?post=29007"}],"version-history":[{"count":1,"href":"https:\/\/arturamon.com\/es\/wp-json\/wp\/v2\/posts\/29007\/revisions"}],"predecessor-version":[{"id":43692,"href":"https:\/\/arturamon.com\/es\/wp-json\/wp\/v2\/posts\/29007\/revisions\/43692"}],"wp:featuredmedia":[{"embeddable":true,"href":"https:\/\/arturamon.com\/es\/wp-json\/wp\/v2\/media\/29005"}],"wp:attachment":[{"href":"https:\/\/arturamon.com\/es\/wp-json\/wp\/v2\/media?parent=29007"}],"wp:term":[{"taxonomy":"category","embeddable":true,"href":"https:\/\/arturamon.com\/es\/wp-json\/wp\/v2\/categories?post=29007"},{"taxonomy":"post_tag","embeddable":true,"href":"https:\/\/arturamon.com\/es\/wp-json\/wp\/v2\/tags?post=29007"}],"curies":[{"name":"wp","href":"https:\/\/api.w.org\/{rel}","templated":true}]}}