{"id":28939,"date":"2020-12-07T13:27:16","date_gmt":"2020-12-07T12:27:16","guid":{"rendered":"https:\/\/nova.arturamon.com\/breviari-la-cultura-catalana-o-la-regressio\/"},"modified":"2024-02-06T16:34:20","modified_gmt":"2024-02-06T15:34:20","slug":"breviari-la-cultura-catalana-o-la-regressio","status":"publish","type":"post","link":"https:\/\/arturamon.com\/es\/breviari-la-cultura-catalana-o-la-regressio\/","title":{"rendered":"Breviario: La cultura catalana o la regresi\u00f3n"},"content":{"rendered":"<p><a href=\"https:\/\/www.miradorarts.com\/ca\/breviari-la-cultura-catalana-o-la-regressio\/\" target=\"_blank\" rel=\"noopener\">miradorarts.com<\/a>\u00a0| 07.12.2020<\/p>\n<h4 class=\"destacat\">De vez en cuando conviene mirar atr\u00e1s para ver de d\u00f3nde venimos, y as\u00ed poder presagiar hacia donde vamos. Con este esp\u00edritu hist\u00f3rico me pregunto c\u00f3mo est\u00e1bamos hace un siglo, en 1920.<\/h4>\n<p>Europa se despertaba lentamente de la pesadilla de la Primera Guerra Mundial, en la que por suerte nosotros no participamos. De repente, aquel verano incierto desapareci\u00f3 el pat\u00f3geno letal que hab\u00eda causado durante dos a\u00f1os m\u00e1s de cuarenta millones de muertos, j\u00f3venes mayoritariamente, y que fue bautizado con el pernicioso nombre de la gripe espa\u00f1ola.<\/p>\n<p>Mientras, en Catalu\u00f1a llegaban las \u00faltimas oleadas del Noucentisme como proyecto de modernizaci\u00f3n del pa\u00eds, cuyo motor era la cultura. Hac\u00eda tres a\u00f1os que hab\u00eda muerto Enric Prat de la Riba, el presidente de la Mancomunitat, y lo hab\u00eda sucedido el arquitecto Josep Puig i Cadafalch, con el mismo esp\u00edritu culto y constructivo, pero sin la misma alma. Francesc Camb\u00f3, ya sin la cortapisa de Prat, colaboraba con el Gobierno central a trav\u00e9s de la LLiga, fuerza centrista legitimada en las urnas. Hac\u00eda dos a\u00f1os que hab\u00eda aparecido el primer n\u00famero de la revista cultural\u00a0<em>D\u2019Ac\u00ed i d\u2019All\u00e1<\/em>, y se impulsaba la primera biblioteca p\u00fablica. La Mancomunitat, secundada por los republicanos, buscaba su estatuto de Autonom\u00eda.<\/p>\n<p>En pintura triunfaba el clasicismo de Sunyer, de ra\u00edz cezanniana, y asomaba la cabeza el primer Dal\u00ed puntillista \u2013fusi\u00f3n de Pichot y Balla\u2013 pintando la costa de Cadaqu\u00e9s. Mir\u00f3 segu\u00eda injertado de la pintura\u00a0<em>fauve<\/em>\u00a0de Ricart, a un tiempo que ya esbozaba un lenguaje po\u00e9tico propio. Picasso, que hac\u00eda casi veinte a\u00f1os que Barcelona le quedaba peque\u00f1a, desde Par\u00eds apuraba el cubismo y ya pensaba en mujeres voluptuosas danzando en la playa, o en c\u00f3mo pintar el retorno al orden que proclamaba su amigo Jean Cocteau. Joan Salvat-Papasseit era el poeta que mejor conectaba con una sociedad que ol\u00eda a f\u00e1brica y a sangre, anarquista y violenta, en cuyo reverso se refugiaba una burgues\u00eda tan conservadora como poco ilustrada. Josep Carner era el pr\u00edncipe de los poetas, y J.V. Foix la vanguardia escrita. Josep Pla, ya maestro del adjetivo, escrib\u00eda compulsivamente su autobiograf\u00eda en el\u00a0<em>Quadern Gris<\/em>.<\/p>\n<p>Luego, la Guerra Civil acab\u00f3 con el ideal de civilizaci\u00f3n de los noucentistas, y entramos en el t\u00fanel siniestro del franquismo, y la cultura dej\u00f3 de ser motor para convertirse en resistencia. Los a\u00f1os de la Transici\u00f3n, con las m\u00e1s de dos d\u00e9cadas de pujolismo, no revirtieron la situaci\u00f3n porque en su ideario de pa\u00eds la cultura era sin\u00f3nimo o de lengua o de folclore; y recelaba de la alta cultura que monopolizaba la izquierda enarbolando la bandera dogm\u00e1tica y ortodoxa de la modernidad. T\u00e0pies ejerci\u00f3 de Rey Sol eclips\u00e1ndolo todo. Y as\u00ed llegamos hasta aqu\u00ed, hasta ahora, bajando sin frenos de la cima en la que nos instalamos hace un siglo, en pura regresi\u00f3n.<\/p>\n<p>\u00bfQu\u00e9 ideal o proyecto de pa\u00eds tenemos? \u00bfQu\u00e9 papel le otorgamos a la cultura? \u00bfD\u00f3nde est\u00e1n los intelectuales de pensamiento cr\u00edtico e independiente? \u00bfQu\u00e9 rol juegan nuestras instituciones culturales? Con recursos muy limitados, las estructuras de un Estado cultural fueron creadas hace un siglo \u2013museos, bibliotecas, normalizaci\u00f3n ling\u00fc\u00edstica\u2013 y son, en gran parte, las que a\u00fan tenemos. Pero el esp\u00edritu que las sustentaba muri\u00f3 en el intento. Caemos ahora en la tentaci\u00f3n de volver a metamorfosear la cultura de la resistencia, sin darnos cuenta de que deber\u00edamos estudiar el pasado para comprender que s\u00f3lo una cultura s\u00f3lida y desacomplejada puede ser el motor desde el que proyectar una civilizaci\u00f3n fuerte. Cultura y educaci\u00f3n, o al rev\u00e9s, son la base de toda sociedad culta y libre.<\/p>\n<p>La historia es un espejo y un ciclo, y tal vez ya ha llegado el momento de que nosotros la dominemos, y no que ella nos domine e instrumentalice. Posiblemente nuestro parasito \u2013menos letal, pero m\u00e1s global que el de la gripe espa\u00f1ola\u2013 desaparecer\u00e1 cuando llegue el verano. Entonces, quiz\u00e1, iniciaremos un ciclo econ\u00f3mico positivo, los dorados a\u00f1os veinte del siglo XXI. Pero no nos enga\u00f1emos, todo seguir\u00e1 igual que antes de la pandemia: el hombre no escarmienta, ni cambia, ni mejora, involuciona. Somos animales de memoria fugaz y breve, fragmentaria, gracias a la cual hemos podido resistir los vaivenes del tiempo. Sin embargo, la cultura ya no ser\u00e1 el motor de ning\u00fan proyecto de civilizaci\u00f3n sino la cenicienta a la que siempre se la cita como excusa, el un refugio donde cobijarnos de las fechor\u00edas, a la que, sin embargo, casi nunca se atiende como se merece.<\/p>\n<p style=\"text-align: right;\">Artur Ramon<\/p>\n<p style=\"text-align: left;\">En la imagen: Josep Obiols,\u00a0<em>Ja sou de l\u2019Associaci\u00f3 Protectora de l\u2019Ensenyan\u00e7a Catalana?<\/em>, 1921. Cartel.<\/p>\n","protected":false},"excerpt":{"rendered":"<p>miradorarts.com\u00a0| 07.12.2020 De vez en cuando conviene mirar atr\u00e1s para ver de d\u00f3nde venimos, y as\u00ed poder presagiar hacia donde vamos. Con este esp\u00edritu hist\u00f3rico me pregunto c\u00f3mo est\u00e1bamos hace [&hellip;]<\/p>\n","protected":false},"author":14,"featured_media":28937,"comment_status":"closed","ping_status":"closed","sticky":false,"template":"","format":"link","meta":{"_acf_changed":false,"footnotes":""},"categories":[407,694,740,565],"tags":[],"class_list":["post-28939","post","type-post","status-publish","format-link","has-post-thumbnail","hentry","category-blog-diario-artur-ramon","category-escritos-ar","category-galeria-es","category-general-es","post_format-post-format-link"],"acf":[],"_links":{"self":[{"href":"https:\/\/arturamon.com\/es\/wp-json\/wp\/v2\/posts\/28939","targetHints":{"allow":["GET"]}}],"collection":[{"href":"https:\/\/arturamon.com\/es\/wp-json\/wp\/v2\/posts"}],"about":[{"href":"https:\/\/arturamon.com\/es\/wp-json\/wp\/v2\/types\/post"}],"author":[{"embeddable":true,"href":"https:\/\/arturamon.com\/es\/wp-json\/wp\/v2\/users\/14"}],"replies":[{"embeddable":true,"href":"https:\/\/arturamon.com\/es\/wp-json\/wp\/v2\/comments?post=28939"}],"version-history":[{"count":1,"href":"https:\/\/arturamon.com\/es\/wp-json\/wp\/v2\/posts\/28939\/revisions"}],"predecessor-version":[{"id":43696,"href":"https:\/\/arturamon.com\/es\/wp-json\/wp\/v2\/posts\/28939\/revisions\/43696"}],"wp:featuredmedia":[{"embeddable":true,"href":"https:\/\/arturamon.com\/es\/wp-json\/wp\/v2\/media\/28937"}],"wp:attachment":[{"href":"https:\/\/arturamon.com\/es\/wp-json\/wp\/v2\/media?parent=28939"}],"wp:term":[{"taxonomy":"category","embeddable":true,"href":"https:\/\/arturamon.com\/es\/wp-json\/wp\/v2\/categories?post=28939"},{"taxonomy":"post_tag","embeddable":true,"href":"https:\/\/arturamon.com\/es\/wp-json\/wp\/v2\/tags?post=28939"}],"curies":[{"name":"wp","href":"https:\/\/api.w.org\/{rel}","templated":true}]}}