{"id":28919,"date":"2020-11-23T12:08:08","date_gmt":"2020-11-23T11:08:08","guid":{"rendered":"https:\/\/nova.arturamon.com\/breviari-performance-al-palau-de-la-generalitat\/"},"modified":"2024-02-06T16:34:20","modified_gmt":"2024-02-06T15:34:20","slug":"breviari-performance-al-palau-de-la-generalitat","status":"publish","type":"post","link":"https:\/\/arturamon.com\/es\/breviari-performance-al-palau-de-la-generalitat\/","title":{"rendered":"Breviario: Performance en el Palau de la Generalitat"},"content":{"rendered":"<p><a href=\"https:\/\/www.miradorarts.com\/ca\/breviari-performance-al-palau-de-la-generalitat\/\" target=\"_blank\" rel=\"noopener\">miradorarts.com<\/a> | 23.11.2020<\/p>\n<h4 class=\"destacat\">El domingo pasado me acerqu\u00e9 a la plaza de Sant Jaume para ver c\u00f3mo estaba la fachada del Palau de la Generalitat, tras el ataque que hab\u00eda recibido hac\u00eda apenas una semana.<\/h4>\n<p>Despu\u00e9s supimos que se trataba de los trabajadores de una marisquer\u00eda gallega de L\u2019Hospitalet, y que el Gremio de Restauradores de Catalu\u00f1a no s\u00f3lo se desmarcaba, sino que condenaba en\u00e9rgicamente el acto. Parad\u00f3jicamente, \u00e9stos pudieron actuar libremente mientras los Mossos y la Guardia Urbana no hac\u00edan nada para detenerlos.<\/p>\n<p>Afortunadamente, cuando fui, la fachada ya estaba limpia, pero quedaban manchas de la sangre salpicada como sombras espesas que no hab\u00edan podido sacar los restauradores de una piedra de Montju\u00efc muy porosa: ya veremos si marchar\u00e1n. La fachada es un ejemplo de primer orden de la arquitectura del Renacimiento en nuestro pa\u00eds, realizada por Pere Blai en torno a 1600, informaci\u00f3n que estos burros seguro desconoc\u00edan.<\/p>\n<p>A veces pienso que los pol\u00edticos que sirven las instituciones nos toman por desinformados: todav\u00eda r\u00edo del presupuesto de diez mil euros que dio el Gobierno para arreglar todo esto; costar\u00e1 mucho m\u00e1s y lo saben. Tambi\u00e9n me hicieron gracia las declaraciones del consejero Samper excus\u00e1ndose que los domingos tienen menos vigilancia y avisando as\u00ed a quien quiera atentar contra el Palau, que lo tiene mucho mejor los fines de semana. O lo ten\u00eda. Ahora dicen que reforzar\u00e1n la seguridad de los edificios institucionales.\u00a0<em>Too late.<\/em><\/p>\n<p>Se me ocurri\u00f3 sacar el tema en una comida familiar, y un primo m\u00edo que tiene carrera y una cierta curiosidad cultural justificaba a los v\u00e1ndalos diciendo que se debe comprender la situaci\u00f3n en que se encuentran. Lo dej\u00e9 estar por no discutir. Todo ello me hace reflexionar sobre dos cuestiones que vienen de lejos, y creo que radican en el trasfondo de este desgraciado episodio: el desprecio por el pasado y la impunidad para atacar nuestro patrimonio.<\/p>\n<p>O quiz\u00e1s es que me equivoco y la cosa no va por ah\u00ed: \u00bfno fue un lamentable acto vand\u00e1lico \u2013como tantos otros que se perpetran ensuciando de tachaduras, nada que ver con el\u00a0<em>Street art<\/em>, las persianas de los establecimientos de la ciudad\u2013, y estamos ante una\u00a0<em>performance<\/em>\u00a0de arte contempor\u00e1neo, creada por artistas galaico-catalanes con un trasfondo de ritual cham\u00e1nico? No me extra\u00f1ar\u00eda en absoluto que fuera as\u00ed, viviendo como vivo en la metr\u00f3polis m\u00e1s moderna de todas las habidas y por haber que, entre otras cosas, en nombre del urbanismo t\u00e1ctico, ha mutilado el alma del Eixample de Cerd\u00e0 convirti\u00e9ndolo en un horroroso parch\u00eds posmoderno sin que haya manifestaciones por las calles.<\/p>\n<p>La capital de Catalu\u00f1a, siempre rendida a la tiran\u00eda encantadora de lo m\u00e1s nuevo. Barcelona, s\u00ed, la ciudad que niega todo lo que tiene que viene de lejos, antiguo o viejo, no importa; donde puedes atacar, sin morir en el intento, el palacio del Gobierno del pa\u00eds con total impunidad y a plena luz del d\u00eda.<\/p>\n<p style=\"text-align: right;\">Artur Ramon<\/p>\n","protected":false},"excerpt":{"rendered":"<p>miradorarts.com | 23.11.2020 El domingo pasado me acerqu\u00e9 a la plaza de Sant Jaume para ver c\u00f3mo estaba la fachada del Palau de la Generalitat, tras el ataque que hab\u00eda [&hellip;]<\/p>\n","protected":false},"author":14,"featured_media":28917,"comment_status":"closed","ping_status":"closed","sticky":false,"template":"","format":"link","meta":{"_acf_changed":false,"footnotes":""},"categories":[407,694,740,565],"tags":[691],"class_list":["post-28919","post","type-post","status-publish","format-link","has-post-thumbnail","hentry","category-blog-diario-artur-ramon","category-escritos-ar","category-galeria-es","category-general-es","tag-miradorarts","post_format-post-format-link"],"acf":[],"_links":{"self":[{"href":"https:\/\/arturamon.com\/es\/wp-json\/wp\/v2\/posts\/28919","targetHints":{"allow":["GET"]}}],"collection":[{"href":"https:\/\/arturamon.com\/es\/wp-json\/wp\/v2\/posts"}],"about":[{"href":"https:\/\/arturamon.com\/es\/wp-json\/wp\/v2\/types\/post"}],"author":[{"embeddable":true,"href":"https:\/\/arturamon.com\/es\/wp-json\/wp\/v2\/users\/14"}],"replies":[{"embeddable":true,"href":"https:\/\/arturamon.com\/es\/wp-json\/wp\/v2\/comments?post=28919"}],"version-history":[{"count":1,"href":"https:\/\/arturamon.com\/es\/wp-json\/wp\/v2\/posts\/28919\/revisions"}],"predecessor-version":[{"id":43698,"href":"https:\/\/arturamon.com\/es\/wp-json\/wp\/v2\/posts\/28919\/revisions\/43698"}],"wp:featuredmedia":[{"embeddable":true,"href":"https:\/\/arturamon.com\/es\/wp-json\/wp\/v2\/media\/28917"}],"wp:attachment":[{"href":"https:\/\/arturamon.com\/es\/wp-json\/wp\/v2\/media?parent=28919"}],"wp:term":[{"taxonomy":"category","embeddable":true,"href":"https:\/\/arturamon.com\/es\/wp-json\/wp\/v2\/categories?post=28919"},{"taxonomy":"post_tag","embeddable":true,"href":"https:\/\/arturamon.com\/es\/wp-json\/wp\/v2\/tags?post=28919"}],"curies":[{"name":"wp","href":"https:\/\/api.w.org\/{rel}","templated":true}]}}