{"id":28733,"date":"2020-10-26T10:14:21","date_gmt":"2020-10-26T09:14:21","guid":{"rendered":"https:\/\/nova.arturamon.com\/breviari-retrat-de-jaume-barrachina\/"},"modified":"2020-11-10T11:20:03","modified_gmt":"2020-11-10T10:20:03","slug":"breviari-retrat-de-jaume-barrachina","status":"publish","type":"post","link":"https:\/\/arturamon.com\/es\/breviari-retrat-de-jaume-barrachina\/","title":{"rendered":"Breviario: Retrato de Jaime Barrachina"},"content":{"rendered":"<p>per\u00a0Artur Ramon<\/p>\n<p>26 octubre, 2020 |\u00a0<a href=\"https:\/\/www.miradorarts.com\/es\/breviario-retrato-de-jaime-barrachina\/\" target=\"_blank\" rel=\"noopener\">miradorarts.com<\/a><\/p>\n<h4 class=\"destacat\">\u201cTodos llevamos una necr\u00f3polis en nuestro coraz\u00f3n\u201d dec\u00eda Flaubert. Y a la m\u00eda se ha sumado recientemente el amigo Jaime Barrachina, a qui\u00e9n siempre asoci\u00e9 al escritor franc\u00e9s; no tanto porque me recomend\u00f3 algunos de sus libros (<em>Bouvard et P\u00e9cuchet<\/em>, especialmente) sino porque se le parec\u00eda f\u00edsicamente, y as\u00ed se lo dije y lo escrib\u00ed.<\/h4>\n<p>Me gustaba c\u00f3mo vest\u00eda en funci\u00f3n del escenario, alternando el traje a rayas de profesor ingl\u00e9s con los polos estridentes del Club del Habano, ajeno a las modas.<\/p>\n<p>Enseguida encontr\u00f3 su camino profesional como director del Museo del Castillo de Peralada, cuya colecci\u00f3n conoc\u00eda como la palma de su mano. Alternaba su vida entre Peralada, donde viv\u00eda, como Montaigne, en su torre de marfil, con su piso de Barcelona. Estar con Barrachina era siempre una fiesta y te reconciliaba con lo mejor que tiene la vida. Sab\u00eda de todo y pod\u00edas hablar tanto del Mestre de Cabestany, que tan bien conoc\u00eda, como de la bullabesa que se zampaba en Marsella.<\/p>\n<p>Lo conoc\u00ed de ni\u00f1o, pero lo trat\u00e9 ya de mayor, y descubr\u00ed a un personaje extraordinario con quien me gustaba comer a menudo, tan s\u00f3lo para escucharlo y compartir los placeres de la gastronom\u00eda y de los puros. Ten\u00edamos una relaci\u00f3n especial, a medio camino entre la del amigo y la del maestro, y siempre le dije que hab\u00eda llenado el vac\u00edo que dej\u00f3 Jos\u00e9 Milicua en m\u00ed. Era un gran lector que devoraba a Cervantes y a Pla \u2013su amigo Ventura Bassegoda dice que Pla le hubiese dedicado un\u00a0<em>Homenot<\/em>, y tiene raz\u00f3n\u2013, y gozaba de una memoria prodigiosa.<\/p>\n<p>El arte, la literatura, los gabinetes de curiosidades, la curiosidad por la cultura que nos un\u00eda y lo que nos divert\u00edamos. Lamento no haber viajado con \u00e9l, pero no me importa porque, cada vez que nos ve\u00edamos, viaj\u00e1bamos juntos por su mapamundi particular, el Universo Barrachina dir\u00edamos, una mezcla de inteligencia e iron\u00eda, de fina observaci\u00f3n y seducci\u00f3n narrativa. Algo que explot\u00f3 como nadie en sus conferencias, donde era capaz de relacionar una copa de cristal con un huevo frito, el coleccionismo con las ra\u00edces de los \u00e1rboles, o unir el arte medieval con Ferran Adri\u00e0, su templo sensorial particular.<\/p>\n<p>Tuvimos diversas discusiones sobre la cocina y el arte, que yo le pon\u00eda constantemente en duda, pero una vez me dej\u00f3 sin respuesta cuando me confes\u00f3 que hab\u00eda tenido emociones m\u00e1s fuertes ante ciertos platos que ante muchos cuadros. Barrachina era generoso y nunca prob\u00f3 el veneno nacional, la envidia, porque no necesitaba compararse con nadie, pertenec\u00eda a la especie singular e intransferible de los\u00a0<em>connoisseurs<\/em>\u00a0y, aunque no presum\u00eda de ello, lo sab\u00eda. Nunca pude agradecerle lo que me ayud\u00f3 en mis libros, regal\u00e1ndome siempre ideas inteligentes, consejos sabios, con una magnanimidad inusual entre colegas.<\/p>\n<p>Barrachina, s\u00ed, un nombre y un hombre que sobresalen en el panorama de las humanidades de nuestro pa\u00eds: otro faro que se apaga. Un hombre bueno. Un sabio. Un amigo.<\/p>\n<p>&nbsp;<\/p>\n","protected":false},"excerpt":{"rendered":"<p>per\u00a0Artur Ramon 26 octubre, 2020 |\u00a0miradorarts.com \u201cTodos llevamos una necr\u00f3polis en nuestro coraz\u00f3n\u201d dec\u00eda Flaubert. Y a la m\u00eda se ha sumado recientemente el amigo Jaime Barrachina, a qui\u00e9n siempre [&hellip;]<\/p>\n","protected":false},"author":14,"featured_media":28731,"comment_status":"open","ping_status":"open","sticky":false,"template":"","format":"link","meta":{"_acf_changed":false,"footnotes":""},"categories":[407,565],"tags":[692,691],"class_list":["post-28733","post","type-post","status-publish","format-link","has-post-thumbnail","hentry","category-blog-diario-artur-ramon","category-general-es","tag-miradorarts-es","tag-miradorarts","post_format-post-format-link"],"acf":[],"_links":{"self":[{"href":"https:\/\/arturamon.com\/es\/wp-json\/wp\/v2\/posts\/28733","targetHints":{"allow":["GET"]}}],"collection":[{"href":"https:\/\/arturamon.com\/es\/wp-json\/wp\/v2\/posts"}],"about":[{"href":"https:\/\/arturamon.com\/es\/wp-json\/wp\/v2\/types\/post"}],"author":[{"embeddable":true,"href":"https:\/\/arturamon.com\/es\/wp-json\/wp\/v2\/users\/14"}],"replies":[{"embeddable":true,"href":"https:\/\/arturamon.com\/es\/wp-json\/wp\/v2\/comments?post=28733"}],"version-history":[{"count":0,"href":"https:\/\/arturamon.com\/es\/wp-json\/wp\/v2\/posts\/28733\/revisions"}],"wp:featuredmedia":[{"embeddable":true,"href":"https:\/\/arturamon.com\/es\/wp-json\/wp\/v2\/media\/28731"}],"wp:attachment":[{"href":"https:\/\/arturamon.com\/es\/wp-json\/wp\/v2\/media?parent=28733"}],"wp:term":[{"taxonomy":"category","embeddable":true,"href":"https:\/\/arturamon.com\/es\/wp-json\/wp\/v2\/categories?post=28733"},{"taxonomy":"post_tag","embeddable":true,"href":"https:\/\/arturamon.com\/es\/wp-json\/wp\/v2\/tags?post=28733"}],"curies":[{"name":"wp","href":"https:\/\/api.w.org\/{rel}","templated":true}]}}