{"id":28305,"date":"2020-09-18T18:28:28","date_gmt":"2020-09-18T16:28:28","guid":{"rendered":"https:\/\/nova.arturamon.com\/breviari-guerau-de-liost\/"},"modified":"2021-01-04T18:13:10","modified_gmt":"2021-01-04T17:13:10","slug":"breviari-guerau-de-liost","status":"publish","type":"post","link":"https:\/\/arturamon.com\/es\/breviari-guerau-de-liost\/","title":{"rendered":"Breviario: Guerau de Liost"},"content":{"rendered":"<p>14 septiembre, 2020, por\u00a0Artur Ramon<\/p>\n<p><a href=\"https:\/\/www.miradorarts.com\/ca\/breviari-guerau-de-liost\/\" target=\"_blank\" rel=\"noopener\">miradorarts.com<\/a><\/p>\n<h4 class=\"destacat\">Recorro algunas librer\u00edas y pido por obras de Guerau de Liost, Jaume Bofill i Mates (Olot, 1878-Barcelona, 1933). Me miran con cara bovina como si fuera alien\u00edgena.<\/h4>\n<p>Contrasta este olvido con el homenaje que le hemos hecho los amigos de Viladrau este verano. En cada excursi\u00f3n por el Montseny nos deten\u00edamos ante algunas de las im\u00e1genes que glos\u00f3 y lo le\u00edamos e \u00edbamos descubriendo su cartograf\u00eda po\u00e9tica, que alterna el zoom con el gran angular. Observ\u00e1bamos como canta el trozo de u\u00f1a de una dama o habla de las monta\u00f1as, desplegando una iconograf\u00eda propia donde los \u00e1rboles se convierten pin\u00e1culos g\u00f3ticos y las alojas sirenas surgidas de las fuentes.<\/p>\n<p>De tanto leerlo obsesivamente, descubrimos que detr\u00e1s del clich\u00e9 de artista monotem\u00e1tico, hab\u00eda mucho m\u00e1s de lo que pens\u00e1bamos.\u00a0<em>La Muntanya d\u2019Ametistes<\/em>\u00a0no es s\u00f3lo un monumento a su patria \u2013el Montseny\u2013, sino que sus \u00faltimos poemas muestran una sensibilidad a las corrientes surrealistas del momento \u2013\u00c9luard especialmente\u2013, y una pulsi\u00f3n er\u00f3tica extraordinaria. Encorsetado por la moral de su tiempo y su posici\u00f3n social, esta sensualidad no la pod\u00eda expresar libremente (\u00a1qu\u00e9 poemas nos hubiera dejado!); pero si leemos entre l\u00edneas, muy atentamente, encontraremos este deseo en sus versos.<\/p>\n<p>Como una perla entre mil conchas, en\u00a0<em>La Muntanya d\u2019Ametistes<\/em>\u00a0encontramos: \u00abDavalla fins a l\u2019antre de l\u2019ignorat coval\/i aspecta la cruenta labor del malefici\/ i, trepitjant la v\u00edctima tombada en sacrifici\/ sospesa les entranyes amb fru\u00efci\u00f3 letal\u00bb. Es una fuerza escondida, casi encriptada, que se encuentra tanto cuando describe a una molinera delicadamente tratada como una dama medieval, como cuando envidia a los hombres que llegan de Barcelona y se van con sus mujeres a casa en un preludio del amor (\u00abi jo s\u00e9 que al refrec de la sina endevina l\u2019espurna\/que l\u2019incendi promet la joia nocturna\u00bb). El poeta, viudo, se a\u00f1ora.<\/p>\n<p>A diferencia de lo que pensaba Gabriel Ferrater \u2013quien mejor lo ley\u00f3\u2013, Jaume Bofill no es un poeta marginal a la sombra de Carner, no, sino que es uno de los grandes escritores catalanes alrededor de 1900 que desarrolla sus versos como un calidoscopio singular. Hoy pocos lo recordamos, los ni\u00f1os no lo leen en la escuela y algunos libreros no saben ni qui\u00e9n es. No me extra\u00f1a, viviendo en este mundo de memoria fr\u00e1gil y curiosidad muerta.<\/p>\n<p>&nbsp;<\/p>\n<p><em>A CM.<\/em><\/p>\n<p>&nbsp;<\/p>\n<p>Imagen:\u00a0<em>La Muntanya d\u2019Ametistes<\/em>\u00a0(1908).<\/p>\n","protected":false},"excerpt":{"rendered":"<p>14 septiembre, 2020, por\u00a0Artur Ramon miradorarts.com Recorro algunas librer\u00edas y pido por obras de Guerau de Liost, Jaume Bofill i Mates (Olot, 1878-Barcelona, 1933). Me miran con cara bovina como [&hellip;]<\/p>\n","protected":false},"author":14,"featured_media":28303,"comment_status":"open","ping_status":"open","sticky":false,"template":"","format":"standard","meta":{"_acf_changed":false,"footnotes":""},"categories":[407,565],"tags":[],"class_list":["post-28305","post","type-post","status-publish","format-standard","has-post-thumbnail","hentry","category-blog-diario-artur-ramon","category-general-es"],"acf":[],"_links":{"self":[{"href":"https:\/\/arturamon.com\/es\/wp-json\/wp\/v2\/posts\/28305","targetHints":{"allow":["GET"]}}],"collection":[{"href":"https:\/\/arturamon.com\/es\/wp-json\/wp\/v2\/posts"}],"about":[{"href":"https:\/\/arturamon.com\/es\/wp-json\/wp\/v2\/types\/post"}],"author":[{"embeddable":true,"href":"https:\/\/arturamon.com\/es\/wp-json\/wp\/v2\/users\/14"}],"replies":[{"embeddable":true,"href":"https:\/\/arturamon.com\/es\/wp-json\/wp\/v2\/comments?post=28305"}],"version-history":[{"count":0,"href":"https:\/\/arturamon.com\/es\/wp-json\/wp\/v2\/posts\/28305\/revisions"}],"wp:featuredmedia":[{"embeddable":true,"href":"https:\/\/arturamon.com\/es\/wp-json\/wp\/v2\/media\/28303"}],"wp:attachment":[{"href":"https:\/\/arturamon.com\/es\/wp-json\/wp\/v2\/media?parent=28305"}],"wp:term":[{"taxonomy":"category","embeddable":true,"href":"https:\/\/arturamon.com\/es\/wp-json\/wp\/v2\/categories?post=28305"},{"taxonomy":"post_tag","embeddable":true,"href":"https:\/\/arturamon.com\/es\/wp-json\/wp\/v2\/tags?post=28305"}],"curies":[{"name":"wp","href":"https:\/\/api.w.org\/{rel}","templated":true}]}}