{"id":28202,"date":"2020-07-13T11:15:18","date_gmt":"2020-07-13T09:15:18","guid":{"rendered":"https:\/\/nova.arturamon.com\/sense-mascareta-robar-i-vendre-patrimoni\/"},"modified":"2021-01-04T18:16:59","modified_gmt":"2021-01-04T17:16:59","slug":"sense-mascareta-robar-i-vendre-patrimoni","status":"publish","type":"post","link":"https:\/\/arturamon.com\/es\/sense-mascareta-robar-i-vendre-patrimoni\/","title":{"rendered":"Sin mascarilla: Robar y vender patrimonio"},"content":{"rendered":"<p><span style=\"color: #808080;\">Silla de San Ram\u00f3n (siglo IX), antes de ser sustra\u00edda de Roda de Is\u00e1bena.<\/span><\/p>\n<p>per\u00a0Artur Ramon | 6 juliol, 2020<\/p>\n<p><a href=\"https:\/\/www.miradorarts.com\/es\/sin-mascarilla-robar-y-vender-patrimonio\/\" target=\"_blank\" rel=\"noopener\">miradorarts.com<\/a><\/p>\n<h4>Ya en el colegio no me gustaban los compa\u00f1eros que tiraban la piedra y escond\u00edan la mano, y con los a\u00f1os he ido detestando cada vez m\u00e1s a los que no van de cara.<\/h4>\n<p>Hay personas que ante un micr\u00f3fono se vienen arriba (el ego florece a la luz de los medios) y no miden lo que dicen y se meten en jardines pantanosos. Le pas\u00f3 a Do\u00f1a Araceli Pereda, Presidenta de Hispania Nova, una asociaci\u00f3n en defensa del patrimonio art\u00edstico.\u00a0<a href=\"https:\/\/elpais.com\/cultura\/2020\/01\/28\/actualidad\/1580226761_491944.html\">En la entrevista de\u00a0<em>El Pa\u00eds<\/em>\u00a0del s\u00e1bado 8 de febrero<\/a>\u00a0declara en titular: \u201cSe sigue vendiendo patrimonio, basta con ver subastas y anticuarios\u201d. \u00bfDe qu\u00e9 patrimonio habla Do\u00f1a Araceli, qu\u00e9 subastas lo venden, que anticuarios trafican con \u00e9l?. Quiz\u00e1 deber\u00eda centrar el debate con ejemplos ilustrativos, dar nombres concretos, porque con su formulaci\u00f3n abstracta tira la piedra y esconde la mano, a la vez que difama al mercado del arte espa\u00f1ol de arte antiguo, y cae en el error de hacer pagar a justos por pecadores.<\/p>\n<p>Tambi\u00e9n leo en los medios que Ren\u00e9 Alphonse van den Berghe, conocido como Erik el Belga, fallecido el 19 de junio en M\u00e1laga, comenz\u00f3 como anticuario para devenir ladr\u00f3n y al final mecenas: curiosa evoluci\u00f3n. Por encima de todo, fue un delincuente que atent\u00f3 contra el patrimonio hist\u00f3rico-art\u00edstico y luego lleg\u00f3 a un acuerdo con la Guardia Civil para salir de la c\u00e1rcel a cambio de rescatar las piezas que \u00e9l mismo hab\u00eda sustra\u00eddo. Fabulosa historia: es como si uno fuese pir\u00f3mano y bombero a la vez. Perpetr\u00f3 m\u00e1s de seiscientos atracos en iglesias y museos entre Navarra, Arag\u00f3n y Catalu\u00f1a; desmont\u00f3 retablos y arquetas y mutil\u00f3 piezas como la silla de san Ram\u00f3n del siglo XII, tesoro del mobiliario espa\u00f1ol de todos los tiempos, que en 1979 se la llev\u00f3 en pedazos (s\u00f3lo hace falta ver c\u00f3mo era y como qued\u00f3: un revistero en metacrilato) de la catedral de Roda de Is\u00e1bena (Huesca). Tambi\u00e9n desmont\u00f3 las veintisiete piezas que formaban con su cruz la Arqueta de Sant Martiri\u00e1 de San Esteban de Banyoles, una de las joyas de la orfebrer\u00eda catalana del Renacimiento. Es verdad que luego la polic\u00eda las fue recuperando con su inestimable ayuda (s\u00f3lo \u00e9l pod\u00eda saber a qui\u00e9n las hab\u00eda vendido), previo pago, pero la arqueta nunca m\u00e1s ser\u00e1 la que era antes de la intervenci\u00f3n del belga.<\/p>\n<div id=\"attachment_10506\" class=\"wp-caption alignnone\">\n<p><img loading=\"lazy\" decoding=\"async\" class=\"size-full wp-image-10506\" src=\"https:\/\/www.miradorarts.com\/wp-content\/uploads\/2020\/07\/02-Erik.jpg\" sizes=\"auto, (max-width: 600px) 100vw, 600px\" srcset=\"https:\/\/www.miradorarts.com\/wp-content\/uploads\/2020\/07\/02-Erik.jpg 600w, https:\/\/www.miradorarts.com\/wp-content\/uploads\/2020\/07\/02-Erik-300x279.jpg 300w\" alt=\"\" width=\"600\" height=\"558\" \/><\/p>\n<p class=\"wp-caption-text\">La silla de San Ram\u00f3n, en la actualidad: poco m\u00e1s que un revistero de metacrilato.<\/p>\n<\/div>\n<p>Cuando en 2012 public\u00f3 sus memorias, con el c\u00ednico t\u00edtulo\u00a0<em>Por amor al arte<\/em>\u00a0(Planeta),\u00a0<a href=\"http:\/\/hemeroteca.lavanguardia.com\/preview\/2012\/05\/09\/pagina-15\/89415179\/pdf.html?search=Por%20amor%20al%20arte%20Erik%20el%20Belga\">escrib\u00ed una cr\u00edtica en\u00a0<em>La Vanguardia<\/em>\u00a0exponiendo sus fechor\u00edas<\/a>\u00a0y denunciando que su libro estuviese en todas las librer\u00edas de los museos del Estado. Como respuesta, van den Berghe me envi\u00f3 un correo electr\u00f3nico acus\u00e1ndome de corrupto, lo cual viniendo de un ladr\u00f3n pens\u00e9 que era una suerte de elogio. Como lo critiqu\u00e9 en vida y pudo defenderse y se defendi\u00f3, no me importa nada escribir lo que pienso ahora que est\u00e1 muerto. Cuando sali\u00f3 su libro nadie le critic\u00f3, a su muerte tampoco. En temas patrimoniales nuestro pa\u00eds sufre una amnesia cr\u00f3nica e incomprensible que explica nuestro substrato psicol\u00f3gico, una rara mezcla de picaresca e ignorancia, que combina lo rom\u00e1ntico con lo siniestro. Erik el Belga respond\u00eda al patr\u00f3n de personaje de novela, de vida llena de adrenalina, pero detr\u00e1s hab\u00eda un saqueador del patrimonio art\u00edstico. Cuando, a mitad de los ochenta, sali\u00f3 de prisi\u00f3n convertido en un colaborador de la Guardia Civil, quiso limpiar su imagen delictiva con su aspecto de anciano venerable que contaba batallitas y mostraba sus habilidades de pintor-falsificador. Dec\u00eda, con un espa\u00f1ol limado por el franc\u00e9s y su sonrisa sarc\u00e1stica, que robaba arte para protegerlo de la ignorancia de los espa\u00f1oles, conservarlo mejor y apartarlo de los corruptos anticuarios como yo. Lo grave no es lo que dijo, sino que se lo creyeron todos, desde la Guardia Civil a los rectores de las iglesias que expoli\u00f3, pasando por los medios de comunicaci\u00f3n que en su obsesi\u00f3n por lo fr\u00edvolo aceptaron al personaje, lo encumbraron sin preguntarse qu\u00e9 hab\u00eda hecho.<\/p>\n<p class=\"destacat-article\">\u00ab\u00bfPondr\u00eda usted la mano en el fuego por todos los anticuarios?\u00bb<\/p>\n<p>Alguien como Erik el Belga s\u00f3lo pod\u00eda triunfar en un pa\u00eds como Espa\u00f1a, lleno de obras de arte y vac\u00edo de cultura. Fue su coto de caza desde mediados de los sesenta hasta mitad de los ochenta cuando lo detuvieron, veinte a\u00f1os de golpes y saqueos al patrimonio. Los medios lo trataron como a un Robin Hood del arte, fue portada de los mejores suplementos dominicales y entrevistado por televisiones p\u00fablicas y privadas. Incluso en uno de los lugares donde m\u00e1s da\u00f1o hizo, Roda de Is\u00e1bena, en 1995 fue recibido como un h\u00e9roe y entr\u00f3 en el pueblo con el repicar de las campanas para inaugurar una exposici\u00f3n de sus cuadros de pintor aficionado. \u00bfC\u00f3mo es posible? Desde el Lazarillo de Tormes nos gusta la picaresca y nos re\u00edamos de cuanto ignoramos. Somos as\u00ed y no cambiamos.<\/p>\n<div id=\"attachment_10509\" class=\"wp-caption alignnone\">\n<p><img loading=\"lazy\" decoding=\"async\" class=\"size-full wp-image-10509\" src=\"https:\/\/www.miradorarts.com\/wp-content\/uploads\/2020\/07\/03-Erik.jpg\" sizes=\"auto, (max-width: 600px) 100vw, 600px\" srcset=\"https:\/\/www.miradorarts.com\/wp-content\/uploads\/2020\/07\/03-Erik.jpg 600w, https:\/\/www.miradorarts.com\/wp-content\/uploads\/2020\/07\/03-Erik-229x300.jpg 229w\" alt=\"\" width=\"600\" height=\"785\" \/><\/p>\n<p class=\"wp-caption-text\">La Arqueta de Sant Martiri\u00e0 de Sant Esteve de Banyoles (segle XV) antes de ser sustra\u00edda por Erik el Belga.<\/p>\n<\/div>\n<p>Una vez el periodista Josep Cun\u00ed me pregunt\u00f3 en la radio: \u201c\u00bfpondr\u00eda usted la mano en el fuego por todos los anticuarios?\u201d Y le respond\u00ed con otra pregunta: \u201c\u00bfUd. la pondr\u00eda por todos los periodistas?\u201d Ya est\u00e1 bien que los anticuarios sean siempre los sospechosos habituales. Los hay buenos, malos y regulares como en todas las profesiones. Tambi\u00e9n ser\u00eda un detalle que alguien contase de una vez por todas que muchos anticuarios recuperamos a menudo parte del patrimonio que otros mal vendieron, expoliaron y robaron. Bastar\u00eda con acercarse al sector y conocerlo antes de juzgarlo con la ligereza del necio. Por cierto, no he o\u00eddo ninguna declaraci\u00f3n de Do\u00f1a Araceli sobre Erik el Belga. Me extra\u00f1a.<\/p>\n","protected":false},"excerpt":{"rendered":"<p>Silla de San Ram\u00f3n (siglo IX), antes de ser sustra\u00edda de Roda de Is\u00e1bena. per\u00a0Artur Ramon | 6 juliol, 2020 miradorarts.com Ya en el colegio no me gustaban los compa\u00f1eros [&hellip;]<\/p>\n","protected":false},"author":14,"featured_media":28200,"comment_status":"open","ping_status":"open","sticky":false,"template":"","format":"standard","meta":{"_acf_changed":false,"footnotes":""},"categories":[407,565],"tags":[691,692],"class_list":["post-28202","post","type-post","status-publish","format-standard","has-post-thumbnail","hentry","category-blog-diario-artur-ramon","category-general-es","tag-miradorarts","tag-miradorarts-es"],"acf":[],"_links":{"self":[{"href":"https:\/\/arturamon.com\/es\/wp-json\/wp\/v2\/posts\/28202","targetHints":{"allow":["GET"]}}],"collection":[{"href":"https:\/\/arturamon.com\/es\/wp-json\/wp\/v2\/posts"}],"about":[{"href":"https:\/\/arturamon.com\/es\/wp-json\/wp\/v2\/types\/post"}],"author":[{"embeddable":true,"href":"https:\/\/arturamon.com\/es\/wp-json\/wp\/v2\/users\/14"}],"replies":[{"embeddable":true,"href":"https:\/\/arturamon.com\/es\/wp-json\/wp\/v2\/comments?post=28202"}],"version-history":[{"count":0,"href":"https:\/\/arturamon.com\/es\/wp-json\/wp\/v2\/posts\/28202\/revisions"}],"wp:featuredmedia":[{"embeddable":true,"href":"https:\/\/arturamon.com\/es\/wp-json\/wp\/v2\/media\/28200"}],"wp:attachment":[{"href":"https:\/\/arturamon.com\/es\/wp-json\/wp\/v2\/media?parent=28202"}],"wp:term":[{"taxonomy":"category","embeddable":true,"href":"https:\/\/arturamon.com\/es\/wp-json\/wp\/v2\/categories?post=28202"},{"taxonomy":"post_tag","embeddable":true,"href":"https:\/\/arturamon.com\/es\/wp-json\/wp\/v2\/tags?post=28202"}],"curies":[{"name":"wp","href":"https:\/\/api.w.org\/{rel}","templated":true}]}}