{"id":28005,"date":"2020-05-21T16:05:46","date_gmt":"2020-05-21T14:05:46","guid":{"rendered":"https:\/\/nova.arturamon.com\/las-galerias-de-arte-catalanas-tras-el-coronavirus\/"},"modified":"2021-01-04T18:21:29","modified_gmt":"2021-01-04T17:21:29","slug":"las-galerias-de-arte-catalanas-tras-el-coronavirus","status":"publish","type":"post","link":"https:\/\/arturamon.com\/es\/las-galerias-de-arte-catalanas-tras-el-coronavirus\/","title":{"rendered":"Las galer\u00edas de arte catalanas tras el coronavirus"},"content":{"rendered":"<div class=\"\">\n<p><a class=\"font--primary byline__names\" href=\"https:\/\/www.larazon.es\/autor\/vfernandez\/\" aria-label=\"V\u00edctor Fern\u00e1ndez\">V\u00edctor Fern\u00e1ndez<\/a><span class=\"byline__pipe\">\u00a0| <a href=\"https:\/\/www.larazon.es\/cataluna\/20200519\/cl4y3yxykrgd5exfdremgjci4m.html\" target=\"_blank\" rel=\"noopener\">La Raz\u00f3n<\/a><\/span><\/p>\n<h4 class=\"subheadline | font--primary subheadLine\">Muchos de estos establecimientos han comenzado a abrir sus puertas esta semana con cita previa<\/h4>\n<p class=\"font--primary body-components__text\">Cuando hablamos de la crisis que vive el sector cultural, nuestro objetivo se centra especialmente en museos, teatros o cines, los grandes equipamientos, pero no es frecuente que se hable de la situaci\u00f3n de las galer\u00edas de arte. Desde esta semana, algunos de estos establecimientos est\u00e1n comenzando a abrir sus puertas en Barcelona. Tuvieron que cerrar, como la mayor\u00eda de estos comercios, durante dos largos meses y poco a poco se est\u00e1n enfrentando a la nueva realidad.<\/p>\n<p><img loading=\"lazy\" decoding=\"async\" class=\"aligncenter\" src=\"https:\/\/www.larazon.es\/resizer\/5z6Asje9nUBqN9r8UWVhHkIv890=\/1260x840\/smart\/cloudfront-eu-central-1.images.arcpublishing.com\/larazon\/DA4JVYQFPRCADISQVLHX7VTUQM.jpg\" alt=\"El galerista Gabriel Pin\u00f3s sujeta una obra de Modest Urgell en la sala Gothsland\" width=\"422\" height=\"282\" \/><\/p>\n<p class=\"font--primary body-components__text\">En la calle Consell de Cent de la capital catalana, donde se re\u00fanen algunas de las m\u00e1s destacadas galer\u00edas, la pr\u00e1ctica mayor\u00eda de persianas est\u00e1n bajadas y no es raro ver en algunas un cartel aconsejando pedir cita previa antes de hacer la visita. Es el caso, por ejemplo, de Gotshland donde en sus paredes cuelgan los cuadros de Modest Urgell que deb\u00edan formar parte de una antol\u00f3gica dedicado a este artista. Tras el \u00e9xito de la anterior muestra en este espacio, centrada en los creadores alrededor de la hist\u00f3rica cervecer\u00eda Els 4 Gats, por la que pasaron 30.000 personas, ahora la situaci\u00f3n es la inversa: cero visitantes. \u201cSolamente pueden ser visitas concertadas. No abriremos al p\u00fablico en general hasta que la situaci\u00f3n no est\u00e9 totalmente normalizada y asumimos que eso no ser\u00e1 hasta el mes de octubre, siempre y cuando no haya un rebrote\u201d, explica Gabriel Pin\u00f3s, responsable de Gotshland, a este medio.<\/p>\n<p class=\"font--primary body-components__text\">En la calle Bail\u00e9n, en Artur Ramon Art tambi\u00e9n hay que llamar previamente para poder acercarse a su interior y poder contemplar la exposici\u00f3n en la que las fotograf\u00edas de Humberto Rivas dialogan con los grabados de Giovanni Battista Piranesi. \u201cHemos abierto esta semana y es con cita previa, algo a lo que no est\u00e1bamos acostumbrados. Tenemos todas las medidas de seguridad para poder recibir a quien quiera venir a vernos\u201d, comenta Artur Ramon a este diario.<\/p>\n<p class=\"font--primary body-components__text\">Los dos galeristas coinciden en que su sector es \u201cel primero en ver la crisis porque lo que ofrecemos no es un producto de primera necesidad. Eso hace que tambi\u00e9n seamos los \u00faltimos en ver cuando acaba. Pero con el coronavirus es todo m\u00e1s dif\u00edcil porque ha venido de una manera muy abrupta\u201d, como asegura Pin\u00f3s. Ramon, por su parte, recuerda que \u201csomos un sector de ultim\u00edsima necesidad, pero que hemos vivido esta situaci\u00f3n de crisis que se va repitiendo de manera c\u00edclica. La de 2008 nos oblig\u00f3 a reiventarnos porque era una crisis global que golpe\u00f3 muy fuerte a Espa\u00f1a. Salimos al exterior buscando nuevos mercados y creando nuevas alianzas. Ahora puedo tener un cliente en Basilea o en Nueva York\u201d. A este respecto considera que \u201cel mercado local no reacciona. Las administraciones tampoco se han preocupado mucho precisamente de apoyar ese mercado\u201d. En el caso de Gothsland, la galer\u00eda est\u00e1 ofreciendo \u201cexposiciones a la carta\u201d. A partir de su propio fondo, ofrece a algunos de sus clientes habituales peque\u00f1as muestras, como es el caso de una antol\u00f3gica con piezas selectas del pintor ecuatoriano Oswaldo Guayasam\u00edn, un artista especialmente cotizado en el extranjero.<\/p>\n<p class=\"font--primary body-components__text\">El coronavirus tambi\u00e9n ha servido para que se acelere el replantearse las exposiciones de un formato enorme, sobre todo las programadas por las grandes instituciones. \u201cEs insostenible ese modelo de grandes exposiciones temporales que viajan. Ese movimiento de obras hac\u00eda mucho tiempo que deb\u00eda revisarse y el covid-19 lo ha acelerado. Los coleccionistas tambi\u00e9n han empezado a cansarse de dejar una obra de su propiedad para que est\u00e9 durante un a\u00f1o recorriendo el mundo\u201d, reflexiona Artur Ramon. El punto de vista de Gabriel Pin\u00f3s quien considera que \u201cse han acabado los \u201cblockbusters\u201d. Por log\u00edstica y seguridad son muy dif\u00edciles de llevar a cabo en estos tiempos\u201d.<\/p>\n<p class=\"font--primary body-components__text\">\u00bfEs el futuro digital para las galer\u00edas de arte? S\u00ed, aunque los clientes seguir\u00e1n yendo para apreciar las obras \u00fanicas, aquellas pinturas de maestros como Picasso, Dal\u00ed o Mir\u00f3. La Fundaci\u00f3n Arte y Mecenazgo, en uno de sus \u00faltimos informes, establec\u00eda que el 58 por ciento de las exposiciones que se hac\u00edan en todo el mundo, eran fruto del trabajo de estas galer\u00edas. \u201cA diferencia de lo que sucedi\u00f3 en la anterior crisis que fue una ruptura de la f\u00f3rmula capitalista, ahora hemos dejado de poner gasolina. Cuando nos dejen la recuperaci\u00f3n ser\u00e1 m\u00e1s r\u00e1pida. Vendr\u00e1 algo parecido a unos locos a\u00f1os veinte\u201d, concluye con optimismo Artur Ramon.<\/p>\n<\/div>\n<div class=\"media-head mdc-layout-grid__cell--span-12-wide mdc-layout-grid__cell--span-10-desktop mdc-layout-grid__cell--span-8-tablet mdc-layout-grid__cell--span-4-phone mdc-layout-grid__cell--start-1-wide mdc-layout-grid__cell--start-2-desktop mdc-layout-grid__cell--start-1-tablet mdc-layout-grid__cell--start-1-phone\">\n<figure class=\"img-container mdc-layout-grid__cell--span-12-wide mdc-layout-grid__cell--span-10-desktop mdc-layout-grid__cell--span-8-tablet mdc-layout-grid__cell--span-4-phone mdc-layout-grid__cell--start-1-wide mdc-layout-grid__cell--start-2-desktop mdc-layout-grid__cell--start-1-tablet mdc-layout-grid__cell--start-1-phone\"><picture><source srcset=\"https:\/\/www.larazon.es\/resizer\/5z6Asje9nUBqN9r8UWVhHkIv890=\/1260x840\/smart\/cloudfront-eu-central-1.images.arcpublishing.com\/larazon\/DA4JVYQFPRCADISQVLHX7VTUQM.jpg\" media=\"(min-width: 840px)\" data-device=\"desktop\" \/><source srcset=\"https:\/\/www.larazon.es\/resizer\/HCHnWFlJXgsYyNl1w7toVF0V1Xo=\/840x560\/smart\/cloudfront-eu-central-1.images.arcpublishing.com\/larazon\/DA4JVYQFPRCADISQVLHX7VTUQM.jpg\" media=\"(max-width: 839px) and (min-width: 480px)\" data-device=\"tablet\" \/><\/picture><\/figure>\n<\/div>\n","protected":false},"excerpt":{"rendered":"<p>V\u00edctor Fern\u00e1ndez\u00a0| La Raz\u00f3n Muchos de estos establecimientos han comenzado a abrir sus puertas esta semana con cita previa Cuando hablamos de la crisis que vive el sector cultural, nuestro [&hellip;]<\/p>\n","protected":false},"author":14,"featured_media":28003,"comment_status":"open","ping_status":"open","sticky":false,"template":"","format":"standard","meta":{"_acf_changed":false,"footnotes":""},"categories":[565,405],"tags":[],"class_list":["post-28005","post","type-post","status-publish","format-standard","has-post-thumbnail","hentry","category-general-es","category-blog-prensa"],"acf":[],"_links":{"self":[{"href":"https:\/\/arturamon.com\/es\/wp-json\/wp\/v2\/posts\/28005","targetHints":{"allow":["GET"]}}],"collection":[{"href":"https:\/\/arturamon.com\/es\/wp-json\/wp\/v2\/posts"}],"about":[{"href":"https:\/\/arturamon.com\/es\/wp-json\/wp\/v2\/types\/post"}],"author":[{"embeddable":true,"href":"https:\/\/arturamon.com\/es\/wp-json\/wp\/v2\/users\/14"}],"replies":[{"embeddable":true,"href":"https:\/\/arturamon.com\/es\/wp-json\/wp\/v2\/comments?post=28005"}],"version-history":[{"count":0,"href":"https:\/\/arturamon.com\/es\/wp-json\/wp\/v2\/posts\/28005\/revisions"}],"wp:featuredmedia":[{"embeddable":true,"href":"https:\/\/arturamon.com\/es\/wp-json\/wp\/v2\/media\/28003"}],"wp:attachment":[{"href":"https:\/\/arturamon.com\/es\/wp-json\/wp\/v2\/media?parent=28005"}],"wp:term":[{"taxonomy":"category","embeddable":true,"href":"https:\/\/arturamon.com\/es\/wp-json\/wp\/v2\/categories?post=28005"},{"taxonomy":"post_tag","embeddable":true,"href":"https:\/\/arturamon.com\/es\/wp-json\/wp\/v2\/tags?post=28005"}],"curies":[{"name":"wp","href":"https:\/\/api.w.org\/{rel}","templated":true}]}}