{"id":26884,"date":"2019-09-30T12:06:15","date_gmt":"2019-09-30T10:06:15","guid":{"rendered":"https:\/\/nova.arturamon.com\/el-botticelli-de-la-cambo\/"},"modified":"2019-11-19T11:55:08","modified_gmt":"2019-11-19T10:55:08","slug":"el-botticelli-de-la-cambo","status":"publish","type":"post","link":"https:\/\/arturamon.com\/es\/el-botticelli-de-la-cambo\/","title":{"rendered":"El Botticelli de la Camb\u00f3"},"content":{"rendered":"<p>LA VANGUARDIA,\u00a028\/09\/2019<\/p>\n<p>La galer\u00eda Trinity Fine Art\u00a0expondr\u00e1 en la feria Frieze\u00a0Masters de Londres (36 de octubre) el retrato de Michele Marullo Tarcaniota que Sandro\u00a0Botticelli pint\u00f3 en 1490, propiedad de la familia Guardans Camb\u00f3.\u00a0La obra \u2013joya de la\u00a0colecci\u00f3n Camb\u00f3\u2013est\u00e1 considerada uno de los grandes retratos no s\u00f3lo del autor sino del g\u00e9nero en el Quattrocento. Del 2004 al 2017 estuvo depositada\u00a0en el Museo del Prado. Mucho\u00a0antes, en 1988, fue declarada BIC (bien de inter\u00e9s cultural) con lo\u00a0cual s\u00f3lo puede ser vendida en\u00a0territorio nacional y as\u00ed su precio\u00a0se deval\u00faa considerablemente.\u00a0Cuando salt\u00f3 la noticia, la prensa y\u00a0las redes sociales ard\u00edan ante lo que\u00a0parec\u00eda ser un nuevo saqueo del\u00a0patrimonio. La realidad es mucho\u00a0m\u00e1s simple. Cualquier propietario de una masterpiece como el Botticelli est\u00e1 en su leg\u00edtimo derecho de retirar el pr\u00e9stamo cuando quiera y\u00a0de buscar la mejor estrategia comercial para venderla.Es lo que han hecho los propietarios:\u00a0viendo como el Ministerio de Cultura no concretaba la adquisici\u00f3n (entretanto compraban a la Casa de Alba la Virgen de la granada de Fra Angelico por 18 millones de euros) han decidido situar la pieza en el escaparate de una feria internacional. No entiendo porqu\u00e9 nos extra\u00f1a que se act\u00fae as\u00ed en un pa\u00eds d\u00f3nde el arte se confunde con el lujo,no hay reconocimiento\u00a0social para el donante, y el coleccionista huele a rico, es decir, a sospechoso habitual. Si fuese m\u00eda har\u00eda lo mismo.Aunque bien pensado quien deber\u00eda comprar la obra es el Estado y depositarla, por una vez, en el MNAC: \u00bfmisi\u00f3n imposible?<\/p>\n<p>&nbsp;<\/p>\n<p>Artur Ramon<\/p>\n","protected":false},"excerpt":{"rendered":"<p>LA VANGUARDIA,\u00a028\/09\/2019 La galer\u00eda Trinity Fine Art\u00a0expondr\u00e1 en la feria Frieze\u00a0Masters de Londres (36 de octubre) el retrato de Michele Marullo Tarcaniota que Sandro\u00a0Botticelli pint\u00f3 en 1490, propiedad de la [&hellip;]<\/p>\n","protected":false},"author":14,"featured_media":26882,"comment_status":"open","ping_status":"open","sticky":false,"template":"","format":"standard","meta":{"_acf_changed":false,"footnotes":""},"categories":[565,405],"tags":[181,46],"class_list":["post-26884","post","type-post","status-publish","format-standard","has-post-thumbnail","hentry","category-general-es","category-blog-prensa","tag-la-vanguardia-es","tag-la-vanguardia"],"acf":[],"_links":{"self":[{"href":"https:\/\/arturamon.com\/es\/wp-json\/wp\/v2\/posts\/26884","targetHints":{"allow":["GET"]}}],"collection":[{"href":"https:\/\/arturamon.com\/es\/wp-json\/wp\/v2\/posts"}],"about":[{"href":"https:\/\/arturamon.com\/es\/wp-json\/wp\/v2\/types\/post"}],"author":[{"embeddable":true,"href":"https:\/\/arturamon.com\/es\/wp-json\/wp\/v2\/users\/14"}],"replies":[{"embeddable":true,"href":"https:\/\/arturamon.com\/es\/wp-json\/wp\/v2\/comments?post=26884"}],"version-history":[{"count":0,"href":"https:\/\/arturamon.com\/es\/wp-json\/wp\/v2\/posts\/26884\/revisions"}],"wp:featuredmedia":[{"embeddable":true,"href":"https:\/\/arturamon.com\/es\/wp-json\/wp\/v2\/media\/26882"}],"wp:attachment":[{"href":"https:\/\/arturamon.com\/es\/wp-json\/wp\/v2\/media?parent=26884"}],"wp:term":[{"taxonomy":"category","embeddable":true,"href":"https:\/\/arturamon.com\/es\/wp-json\/wp\/v2\/categories?post=26884"},{"taxonomy":"post_tag","embeddable":true,"href":"https:\/\/arturamon.com\/es\/wp-json\/wp\/v2\/tags?post=26884"}],"curies":[{"name":"wp","href":"https:\/\/api.w.org\/{rel}","templated":true}]}}