{"id":25193,"date":"2019-01-17T11:08:41","date_gmt":"2019-01-17T10:08:41","guid":{"rendered":"https:\/\/nova.arturamon.com\/el-magatzem-de-la-memoria\/"},"modified":"2019-01-17T11:44:16","modified_gmt":"2019-01-17T10:44:16","slug":"el-magatzem-de-la-memoria","status":"publish","type":"post","link":"https:\/\/arturamon.com\/es\/el-magatzem-de-la-memoria\/","title":{"rendered":"El almac\u00e9n de la memoria"},"content":{"rendered":"<header>\n<hgroup>\n<h2 data-bind=\"text: articleSubtitle\"><span style=\"font-family: Cormorant, -apple-system, BlinkMacSystemFont, 'Segoe UI', Roboto, Oxygen, Ubuntu, Cantarell, 'Fira Sans', 'Droid Sans', 'Helvetica Neue', sans-serif; font-size: 16px;\">LA VANGUARDIA, 16\/01\/19<\/span><\/h2>\n<h2 data-bind=\"text: articleSubtitle\"><\/h2>\n<h2 data-bind=\"text: articleSubtitle\">Frederic Amat convierte la galer\u00eda Artur Ramon en un gabinete de curiosidades que viaja en el tiempo de su propio trabajo<\/h2>\n<\/hgroup>\n<\/header>\n<p data-bind=\"text: $data\">Aqu\u00ed no hay relato, nunca la poes\u00eda es un relato\u201d, dice Frederic Amat (Barcelona, 1952) a prop\u00f3sito de Wunderkammer, instalaci\u00f3n con la que ha transformado la galer\u00eda Artur Ramon en un gabinete de curiosidades, un misterioso almac\u00e9n de la memoria donde las obras del artista dialogan con antig\u00fcedades del fondo de la galer\u00eda creando un juego po\u00e9tico que viaja sin complejos en el tiempo y provoca estimulantes enigmas visuales.<\/p>\n<p data-bind=\"text: $data\">\u00bfQu\u00e9 es sino esa semilla de la China situada junto a una cer\u00e1mica de los 90 nacida en el taller de Artigas en Gallifa, esa vanitas observando unos dibujos de manos de Madrazo o esos aguafuertes de Piranesi bajo los esqueleto de neonatos que miran desde arriba un plato con ojos? \u201cSin ojos no hay artista\u201d, conviene Amat, que ha reciclado la gran estanter\u00eda que utiliz\u00f3 en el 2014 para la escenograf\u00eda de <em>El testamento de Mar\u00eda<\/em> , de Colm T\u00f3ib\u00edn, protagonizado por Blanca Portillo. Amat, cuya obra transita m\u00faltiples lenguajes (pintura, escultura, fotograf\u00eda, cine, \u00f3pera, teatro&#8230;), dice que en el inicio de todo estuvo la conciencia del origen del propio espacio de la galer\u00eda de la calle Bail\u00e9n, un antiguo almac\u00e9n que convoc\u00f3 en su mente aquellas estanter\u00edas que antes de su vida teatral hab\u00edan formado parte de la hist\u00f3rica tienda de tejidos Ribes &amp; Casals, que fue cantera de numerosos montajes teatrales.<\/p>\n<p data-bind=\"text: $data\">\u201cEsta madera, esta estanter\u00eda es el esqueleto ideal para un gabinete de curiosidades porque tiene tiempo en s\u00ed misma. Los materiales tienen tiempo y revelan y transmiten tiempo. Y me parec\u00eda que sus anaqueles eran perfectos para acoger ese di\u00e1logo de mis obras con las antig\u00fcedades, porque hay zonas en las que si te fijas parece que las propias obras han supurado sobre la madera\u201d, sugiere. El viaje en el tiempo que propone Wunderkammer (\u00a1ojo, porque estar\u00e1 abierta s\u00f3lo hasta el d\u00eda 25!) es tambi\u00e9n un viaje en el tiempo de su propio trabajo que anuncia ya en la misma entrada de la sala. En el escaparate, se puede contemplar desde la calle una escultura realizada en los a\u00f1os ochenta en Nueva York hecha de cintas de colores encontradas en las calles del Soho, Dansaire, que nunca se hab\u00eda expuesto antes en Barcelona y a la que ahora da nueva vida mediante la proyecci\u00f3n de un v\u00eddeo que es como una celebraci\u00f3n de la tinta en movimiento.<\/p>\n<p data-bind=\"text: $data\">En los anaqueles hay cer\u00e1micas que tienen que ver con las cris\u00e1lidas \u00bfQu\u00e9 es lo que veo? Me gustar\u00eda que funcionara como una instalaci\u00f3n de interpelaciones po\u00e9ticas\u201d\u00a0 que expuso en La Pedrera y homenajes secretos, hatillos de tiempo y desechos de caucho que se convierten en tesoros en la imaginaci\u00f3n del artista. \u201c\u00bfQu\u00e9 es eso? \u00bfQu\u00e9 es lo que estoy viendo? Lo que me interesa es esa pregunta. Me gustar\u00eda que funcionara como una instalaci\u00f3n de interpelaciones, que funcionase a nivel po\u00e9tico\u201d, precisa Amat, que tambi\u00e9n muestra obra reciente, una serie titulada Cartografies que no es otra cosa que un decollage en el que el azar y el tiempo han ido creando mapas sobre papeles de una vieja imprenta.<\/p>\n<p data-bind=\"text: $data\">Teresa Ses\u00e9<\/p>\n","protected":false},"excerpt":{"rendered":"<p>LA VANGUARDIA, 16\/01\/19 Frederic Amat convierte la galer\u00eda Artur Ramon en un gabinete de curiosidades que viaja en el tiempo de su propio trabajo Aqu\u00ed no hay relato, nunca la [&hellip;]<\/p>\n","protected":false},"author":14,"featured_media":25191,"comment_status":"open","ping_status":"open","sticky":false,"template":"","format":"link","meta":{"_acf_changed":false,"footnotes":""},"categories":[565,405],"tags":[46,181],"class_list":["post-25193","post","type-post","status-publish","format-link","has-post-thumbnail","hentry","category-general-es","category-blog-prensa","tag-la-vanguardia","tag-la-vanguardia-es","post_format-post-format-link"],"acf":[],"_links":{"self":[{"href":"https:\/\/arturamon.com\/es\/wp-json\/wp\/v2\/posts\/25193","targetHints":{"allow":["GET"]}}],"collection":[{"href":"https:\/\/arturamon.com\/es\/wp-json\/wp\/v2\/posts"}],"about":[{"href":"https:\/\/arturamon.com\/es\/wp-json\/wp\/v2\/types\/post"}],"author":[{"embeddable":true,"href":"https:\/\/arturamon.com\/es\/wp-json\/wp\/v2\/users\/14"}],"replies":[{"embeddable":true,"href":"https:\/\/arturamon.com\/es\/wp-json\/wp\/v2\/comments?post=25193"}],"version-history":[{"count":0,"href":"https:\/\/arturamon.com\/es\/wp-json\/wp\/v2\/posts\/25193\/revisions"}],"wp:featuredmedia":[{"embeddable":true,"href":"https:\/\/arturamon.com\/es\/wp-json\/wp\/v2\/media\/25191"}],"wp:attachment":[{"href":"https:\/\/arturamon.com\/es\/wp-json\/wp\/v2\/media?parent=25193"}],"wp:term":[{"taxonomy":"category","embeddable":true,"href":"https:\/\/arturamon.com\/es\/wp-json\/wp\/v2\/categories?post=25193"},{"taxonomy":"post_tag","embeddable":true,"href":"https:\/\/arturamon.com\/es\/wp-json\/wp\/v2\/tags?post=25193"}],"curies":[{"name":"wp","href":"https:\/\/api.w.org\/{rel}","templated":true}]}}