{"id":24970,"date":"2018-12-13T17:14:21","date_gmt":"2018-12-13T16:14:21","guid":{"rendered":"https:\/\/nova.arturamon.com\/exposicio-lamat-renaixentista\/"},"modified":"2019-11-19T12:22:12","modified_gmt":"2019-11-19T11:22:12","slug":"exposicio-lamat-renaixentista","status":"publish","type":"post","link":"https:\/\/arturamon.com\/es\/exposicio-lamat-renaixentista\/","title":{"rendered":"Exposici\u00f3n l&#8217;Amat renacentista"},"content":{"rendered":"<p data-bind=\"text: $data\">LA VANGUARDIA<\/p>\n<p data-bind=\"text: $data\">Cultura|s<\/p>\n<p data-bind=\"text: $data\">La c\u00e1mara de las maravillas es un invento renacentista en el que se trataba de resumir en una \u00fanica estancia una reflexi\u00f3n sobre el teatro del mundo, de todos los elementos, cient\u00edficos, culturales o geogr\u00e1ficos, que serv\u00edan como g\u00e9nesis nuclear del tiempo hist\u00f3rico desde que era mensurable, alcanzando notable importancia los mapas y las cartograf\u00edas que proyectaban la realidad f\u00edsica de nuestro planeta.<\/p>\n<p data-bind=\"text: $data\">Frederic Amat (Barcelona, 1952) casi podr\u00eda ser calificado como un creador del Renacimiento, por la multiplicidad de sus labores art\u00edsticas desde la cer\u00e1mica, la escenograf\u00eda, la escultura, la fotograf\u00eda, el cine y las intervenciones en el espacio p\u00fablico, lo que lleva a que esta confabulaci\u00f3n con los elementos que conforman el imaginario est\u00e9tico de la galer\u00eda Artur Ramon con las obras de Amat, den a luz, con palabras del escritor y fil\u00f3sofo Amador Vega, a una cromotopograf\u00eda de los deseos.<\/p>\n<p data-bind=\"text: $data\">Amat fusiona la imagen con el lenguaje literario convirtiendo la emoci\u00f3n en conocimiento como qued\u00f3 claro con la escenograf\u00eda de <em>El P\u00fablico<\/em> de Lorca junto a Fabi\u00e0 Puigserver y en la direcci\u00f3n del documental <em>Viaje a la Luna<\/em> que en los a\u00f1os 20 hab\u00eda contado con gui\u00f3n del propio Federico, present\u00e1ndose actualmente en la galer\u00eda barcelonesa, en el di\u00e1logo de correspondencias, Nueve cartograf\u00edas, su \u00faltimo trabajo, imbuido de su perpetuo lirismo.<\/p>\n<p data-bind=\"text: $data\">Carlos Garc\u00eda Osuna<\/p>\n<p data-bind=\"text: $data\"><a href=\"https:\/\/www.pressreader.com\/spain\/la-vanguardia-dinero\/20181202\/281694025846619\" target=\"_blank\" rel=\"noopener\">Acceso al art\u00edculo<\/a><\/p>\n","protected":false},"excerpt":{"rendered":"<p>LA VANGUARDIA Cultura|s La c\u00e1mara de las maravillas es un invento renacentista en el que se trataba de resumir en una \u00fanica estancia una reflexi\u00f3n sobre el teatro del mundo, [&hellip;]<\/p>\n","protected":false},"author":14,"featured_media":24637,"comment_status":"open","ping_status":"open","sticky":false,"template":"","format":"link","meta":{"_acf_changed":false,"footnotes":""},"categories":[565,405],"tags":[],"class_list":["post-24970","post","type-post","status-publish","format-link","has-post-thumbnail","hentry","category-general-es","category-blog-prensa","post_format-post-format-link"],"acf":[],"_links":{"self":[{"href":"https:\/\/arturamon.com\/es\/wp-json\/wp\/v2\/posts\/24970","targetHints":{"allow":["GET"]}}],"collection":[{"href":"https:\/\/arturamon.com\/es\/wp-json\/wp\/v2\/posts"}],"about":[{"href":"https:\/\/arturamon.com\/es\/wp-json\/wp\/v2\/types\/post"}],"author":[{"embeddable":true,"href":"https:\/\/arturamon.com\/es\/wp-json\/wp\/v2\/users\/14"}],"replies":[{"embeddable":true,"href":"https:\/\/arturamon.com\/es\/wp-json\/wp\/v2\/comments?post=24970"}],"version-history":[{"count":0,"href":"https:\/\/arturamon.com\/es\/wp-json\/wp\/v2\/posts\/24970\/revisions"}],"wp:featuredmedia":[{"embeddable":true,"href":"https:\/\/arturamon.com\/es\/wp-json\/wp\/v2\/media\/24637"}],"wp:attachment":[{"href":"https:\/\/arturamon.com\/es\/wp-json\/wp\/v2\/media?parent=24970"}],"wp:term":[{"taxonomy":"category","embeddable":true,"href":"https:\/\/arturamon.com\/es\/wp-json\/wp\/v2\/categories?post=24970"},{"taxonomy":"post_tag","embeddable":true,"href":"https:\/\/arturamon.com\/es\/wp-json\/wp\/v2\/tags?post=24970"}],"curies":[{"name":"wp","href":"https:\/\/api.w.org\/{rel}","templated":true}]}}