{"id":21431,"date":"2017-11-24T17:43:19","date_gmt":"2017-11-24T16:43:19","guid":{"rendered":"https:\/\/nova.arturamon.com\/una-capital-sense-museu\/"},"modified":"2018-01-03T13:52:33","modified_gmt":"2018-01-03T12:52:33","slug":"una-capital-sense-museu","status":"publish","type":"post","link":"https:\/\/arturamon.com\/es\/una-capital-sense-museu\/","title":{"rendered":"Una capital sin museo"},"content":{"rendered":"<p>&nbsp;<\/p>\n<p>Como en medio mundo aqu\u00ed los palos de selfie son el producto estrella de los vendedores ambulantes. Tambi\u00e9n muchos fulares y a la altura de las fuentes de Carles Bu\u00efgas incluso trenecitos de madera, donde cada vag\u00f3n es una letra que permite escribir un nombre. Los principales souvenirs locales son los abanicos flamencos. Tambi\u00e9n hay tazas de caf\u00e9 estampadas con toros y bailaoras. Dragones del Park G\u00fcell multicolores. Imanes para decorar la nevera que reproducen la fachada de la Sagrada Fam\u00edlia. Los manteros despliegan su mercanc\u00eda con total impunidad para ofrecerla a la gente del Museu Nacional d\u2019Art de Catalunya. Ma\u00f1ana luminosa de este noviembre seco. Ni rastro de camisetas con el Pantocr\u00e1tor de Ta\u00fcll, pero s\u00ed del Bar\u00e7a, el Madrid o el PSG. No hay un Mir\u00f3 convertido en gadget. Ni un Dal\u00ed. Es la prueba del mantero. Y no enga\u00f1a. Hay m\u00e1s turistas en la terraza, contemplando las vistas con\u00a0el Tibidabo al fondo, que visitando las exposiciones.\u00a0El MNAC todav\u00eda es un reclamo\u00a0menor.<\/p>\n<p>Hoy hace una semana este diario empez\u00f3 una discusi\u00f3n necesaria sobre el estado de la\u00a0cultura en Barcelona. Adictos como somos a\u00a0la actualidad cotidiana del proceso soberanista \u2013que ha situado el debate pol\u00edtico y la convivencia civil en la agon\u00eda permanente (los pol\u00edticos siguen en la prisi\u00f3n, ojo, debe repetirse)\u2013, nos vamos desconectando de otras problem\u00e1ticas que condicionar\u00e1n tambi\u00e9n nuestro futuro. Por eso vale la pena ampliar la agenda informativa. Como m\u00ednimo intentarlo. Y quiz\u00e1s no haya estrategia m\u00e1s fecunda \u2013porque Catalunya est\u00e1 en el mundo, sobre todo, porque existe Barcelona\u2013 que diagnosticando asuntos pendientes que deber\u00eda afrontar nuestra ciudad.<\/p>\n<p>El momento es \u00f3ptimo porque es cr\u00edtico. Ahora, con el peligro de la p\u00e9rdida de prestigio internacional acumulado desde el 92 y la fr\u00eda sangr\u00eda de la descapitalizaci\u00f3n econ\u00f3mica, la ciudad tendr\u00eda que identificar taras y retos para afianzar su posici\u00f3n como una de las capitales europeas del Mediterr\u00e1neo. Y, en el tema que nos ocupa, m\u00e1s all\u00e1 de la resonancia magn\u00e9tica de algunos festivales privados \u2013 el S\u00f3nar, el Primavera Sound \u2013 o su antigua\u00a0centralidad en la vida editorial hisp\u00e1nica \u2013 el cambio de sede de Planeta es un punto de inflexi\u00f3n\u2013, entender los porqu\u00e9s de una falta de oferta cultural institucional\u00a0equiparable al atractivo indiscutible que todav\u00eda mantiene la ciudad.<\/p>\n<p>El MNAC es el mejor paradigma. Incluso lo es su recinto, el anacr\u00f3nico Palau Nacional. Son paradigma por aquello que querr\u00edamos que el museo fuera y al mismo tiempo lo es por aquello que, en la pr\u00e1ctica, no puede dejar de ser.<\/p>\n<p>Cuando hace pocos a\u00f1os se inaugur\u00f3 el replanteamiento de las salas de arte moderno \u2013 liderado por Juan Jos\u00e9 Lahuerta \u2013, en las p\u00e1ginas del Cultura\/s Artur Ramon expres\u00f3 un deseo esperanzado. \u201cEl MNAC es nuestro Louvre, nuestro British, nuestro MET y nosotros tenemos que ser sus mejores preceptores\u201d. Claro que querr\u00edamos que jugara en la Champions de los museos del mundo, pero no tiene el fondo ni el presupuesto para poder competir.<\/p>\n<p>Es una paradoja. Porque desde sus or\u00edgenes, en tiempos rom\u00e1nticos, el MNAC ha tenido una vocaci\u00f3n de museo nacional para inscribir el arte catal\u00e1n en la gran historia de la cultura europea. Pero los museos que cumplen este prop\u00f3sito tienen que estar alimentados por un secular coleccionismo imperial. No es el caso. Ni fue suficiente la tarea ejemplar de sustituci\u00f3n asumida por el mecenas Francesc Camb\u00f3. El MNAC, en cambio, despliega como joya el rom\u00e1nico fascinante, pero el arte medieval cotiza a la baja entre el inter\u00e9s general. \u00bfC\u00f3mo intervenir?<\/p>\n<p>La propuesta de Lahuerta, avalada por un buen director como Pepe Serra, acertaba replanteando aquella servidumbre fundacional. En el primer piso del museo ahora se puede recorrer una visi\u00f3n que, trascendiendo el marco nacional restrictivo, ofrece una interpretaci\u00f3n tem\u00e1tica de la modernidad est\u00e9tica que de manera convincente tiene el arte catal\u00e1n como eje. Pero sin un discurso que lo refuerce \u2013en la tienda no hay un cat\u00e1logo como Dios manda, las temporales no dialogan con esa visi\u00f3n (vale como excepci\u00f3n Picasso rom\u00e0nic)\u2013 ni sin poder colgar obras de primer nivel \u2013no hay una sola pieza de postal de las grandes estrellas de la vanguardia catalana\u2013, el MNAC dif\u00edcilmente podr\u00e1 convertirse en la instituci\u00f3n cultural medular que, propulsada a trav\u00e9s de la inversi\u00f3n p\u00fablica, potencie el prestigio de la ciudad y enriquezca su atractivo ensombrecido.<\/p>\n<p>Porque la inversi\u00f3n, naturalmente, sigue drenando la posibilidad de profundizar en un modelo que querr\u00eda ser m\u00e1s atractivo. Lo sabe antes que nadie, y se queja, el director Serra (y lo denunci\u00f3, aqu\u00ed y con rotundidad, Ignacio Orovio). Nada ha cambiado demasiado. El presupuesto actual garantiza el mantenimiento de la estructura, pero poca cosa m\u00e1s. Una m\u00ednima pol\u00edtica de adquisiciones sigue bloqueada y no es realista plantear programas atrevidos. El museo sigue malherido por los recortes salvajes. Conclusi\u00f3n: Barcelona es una capital sin un gran museo porque la cultura no es una prioridad cierta para quienes gobiernan el pa\u00eds. Professor Subirats \u2013 nuevo comisionado de Cultura, \u00a1\u00e1nimos!<\/p>\n<p>&nbsp;<\/p>\n<p><a href=\"https:\/\/arturamon.com\/wp-content\/uploads\/2017\/11\/Una-capital-sin-museo_ES-002.pdf\" target=\"_blank\" rel=\"noopener noreferrer\">Acceso art\u00edculo<\/a><\/p>\n<p>&nbsp;<\/p>\n","protected":false},"excerpt":{"rendered":"<p>&nbsp; Como en medio mundo aqu\u00ed los palos de selfie son el producto estrella de los vendedores ambulantes. Tambi\u00e9n muchos fulares y a la altura de las fuentes de Carles [&hellip;]<\/p>\n","protected":false},"author":14,"featured_media":21429,"comment_status":"open","ping_status":"open","sticky":false,"template":"","format":"standard","meta":{"_acf_changed":false,"footnotes":""},"categories":[565,405],"tags":[],"class_list":["post-21431","post","type-post","status-publish","format-standard","has-post-thumbnail","hentry","category-general-es","category-blog-prensa"],"acf":[],"_links":{"self":[{"href":"https:\/\/arturamon.com\/es\/wp-json\/wp\/v2\/posts\/21431","targetHints":{"allow":["GET"]}}],"collection":[{"href":"https:\/\/arturamon.com\/es\/wp-json\/wp\/v2\/posts"}],"about":[{"href":"https:\/\/arturamon.com\/es\/wp-json\/wp\/v2\/types\/post"}],"author":[{"embeddable":true,"href":"https:\/\/arturamon.com\/es\/wp-json\/wp\/v2\/users\/14"}],"replies":[{"embeddable":true,"href":"https:\/\/arturamon.com\/es\/wp-json\/wp\/v2\/comments?post=21431"}],"version-history":[{"count":0,"href":"https:\/\/arturamon.com\/es\/wp-json\/wp\/v2\/posts\/21431\/revisions"}],"wp:featuredmedia":[{"embeddable":true,"href":"https:\/\/arturamon.com\/es\/wp-json\/wp\/v2\/media\/21429"}],"wp:attachment":[{"href":"https:\/\/arturamon.com\/es\/wp-json\/wp\/v2\/media?parent=21431"}],"wp:term":[{"taxonomy":"category","embeddable":true,"href":"https:\/\/arturamon.com\/es\/wp-json\/wp\/v2\/categories?post=21431"},{"taxonomy":"post_tag","embeddable":true,"href":"https:\/\/arturamon.com\/es\/wp-json\/wp\/v2\/tags?post=21431"}],"curies":[{"name":"wp","href":"https:\/\/api.w.org\/{rel}","templated":true}]}}