{"id":19702,"date":"2017-07-06T18:36:10","date_gmt":"2017-07-06T16:36:10","guid":{"rendered":"https:\/\/nova.arturamon.com\/?p=19702\/"},"modified":"2019-11-19T12:26:57","modified_gmt":"2019-11-19T11:26:57","slug":"london-art-week-10","status":"publish","type":"post","link":"https:\/\/arturamon.com\/es\/london-art-week-10\/","title":{"rendered":"LONDON ART WEEK &#8211; D\u00eda X"},"content":{"rendered":"<h4>The end<\/h4>\n<p>Se acaba la London Art Week y todos estamos cansados despu\u00e9s de doce d\u00edas intensos donde han pasado muchas cosas. Cada d\u00eda tenemos m\u00e1s ojeras, como zombies. Parece que hace un a\u00f1o que llegu\u00e9 con Horacio y montamos la exposici\u00f3n. Y medio Anna que llego Anna y no ha pasado ni una semana. En este tipo de eventos pierdes el sentido del tiempo. Eventos, cenas, fiestas, exposiciones y noches sin dormir\u2026 Suerte que se acercan las vacaciones con la promesa de la felicidad. Sue\u00f1o que llegue el 30 de julio y pueda acabar todo y cierre el maldito m\u00f3vil &#8211; peque\u00f1o ordenador que llevamos como las cadenas los esclavos &#8211; para abandonarme <em>al dolce far niente<\/em> despu\u00e9s de <em>Une<\/em> <em>saison en enfer<\/em> como dijo el otro Arthur. No s\u00e9 ustedes, pero un servidor llega ya sin gasolina.<\/p>\n<p>Nunca me han gustado las despedidas porqu\u00e9 comportan la melancol\u00eda de un tiempo que desaparece y que s\u00f3lo quedar\u00e1 en el recuerdo que falsea la realidad. El recuerdo es la literatura del tiempo que vivimos. Encontrar\u00e9 a faltar Colnaghi, estupenda galer\u00eda en el coraz\u00f3n de Mayfair y la energ\u00eda de Jorge y Nicol\u00e1s, y la presencia afable de Konrad. Tambi\u00e9n, el equipo acogedor y profesional formado por Tim, Merc\u00e8, Alice, Sara, Nicola, Diego, Ricardo, Casilda <em>and so on<\/em>. Y esta librer\u00eda esplendida donde he vivido como en una instalaci\u00f3n. He estudiado y he escrito bastante de mi pr\u00f3ximo libro que ir\u00e1 sobre el dibujo. En definitiva, he aprovechado el tiempo, algo que desde peque\u00f1o me ense\u00f1\u00f3 mi padre.<\/p>\n<p>Tambi\u00e9n a\u00f1orar\u00e9 el apartamento en Bow Street y el camino que ya se hac\u00eda rutinario entre el simulacro de mi hogar aqu\u00ed y el de la galer\u00eda, una arteria que por la ma\u00f1ana estaba despejada y cuando sal\u00eda se llenaba de gente y de calor. Londres es una ciudad compuesta de muchas ciudades o pueblos, es cosmopolita pero local, un calidoscopio extraordinario con una oferta variada que muy pocas metr\u00f3polis en el mundo tienen. A veces es Nueva York sin rascacielos o una versi\u00f3n menos dura de Par\u00eds. Aunque es una jungla humana parece que la gente est\u00e9 m\u00e1s contenta que en la capital del Sena o al menos es algo m\u00e1s tolerante con los que venimos de fuera. Es una pena que est\u00e9 en una situaci\u00f3n pol\u00edtica complicada, en medio de un divorcio con Europa que no sabemos como acabar\u00e1 y sin un l\u00edder en el horizonte. May es una bur\u00f3crata que no sale del <em>Brexit is brexit<\/em>, una frase que demuestra que no es Margaret Thatcher. <em>Come on, a little bit more!!!<\/em> que le ped\u00eda Adrian a gritos desesperado.<\/p>\n<p>Ayer en Colnaghi jugamos a <em>The Price is right <\/em>una versi\u00f3n del precio es justo en el mercado del arte. Casi sesenta invitados hicimos nuestras apuestas de los lotes que se subastaban en Christie\u2019s por la noche y durante la cena vimos en una pantalla gigante la venta en directo y como iba nuestra porra mientras Jorge animaba la cosa a la manera del gran Joaqu\u00edn Prat. Gan\u00f3 Xavier Bray, director de la Wallace Collection. Qued\u00e9 el pen\u00faltimo, en zona de descenso. Curiosamente alg\u00fan becario qued\u00f3 mejor posicionado que <em>dealers<\/em> experimentados o conservadores de museos. Creo que juega m\u00e1s el azar que el conocimiento en estas cosas aunque confieso que si hubiese ganado o quedado mejor pensar\u00eda justo lo contario. Tengo una opini\u00f3n-chicle, flexible y me adapto. A veces, me gusta llevar la contraria y digo cosas que no pienso para irritar a mi interlocutor cuando se pone muy terco. Es mi juego dialectico.<\/p>\n<p>Est\u00e1 tarde vendr\u00e1 Juan con Dani, su hijo y en una caja recoger\u00e1n los dibujos y se los llevar\u00e1n a casa. Saldr\u00e9 de la galer\u00eda y notar\u00e9 el aire de la libertad e ir\u00e9 a ver alguna exposici\u00f3n que tengo pendiente. Y luego cenar\u00e9 con Tim y Miguel y ya hablaremos del pasado. En fin, todo pasa, nada queda, ha sido un placer escribir este dietario personal y virtual y compartirlo estos d\u00edas con los que est\u00e1is al otro lado de la pantalla, si es que alguien lee estas p\u00e1ginas. Si no, al menos quedar\u00e1 archivada esta memoria en los anaqueles piranesianos de esta abstracci\u00f3n inquietante que llamamos la red, the net, Internet.<\/p>\n<p><em>Ya no continuar\u00e1 porqu\u00e9 aqu\u00ed se acaba. <\/em><\/p>\n<p><em>The end.<\/em><\/p>\n<p>&nbsp;<\/p>\n<div style=\"width: 638px;\" class=\"wp-video\"><!--[if lt IE 9]><script>document.createElement('video');<\/script><![endif]-->\n<video class=\"wp-video-shortcode\" id=\"video-19702-1\" width=\"638\" height=\"362\" preload=\"metadata\" controls=\"controls\"><source type=\"video\/mp4\" src=\"https:\/\/arturamon.com\/wp-content\/uploads\/2017\/07\/Colnaghi.mp4?_=1\" \/><a href=\"https:\/\/arturamon.com\/wp-content\/uploads\/2017\/07\/Colnaghi.mp4\">https:\/\/arturamon.com\/wp-content\/uploads\/2017\/07\/Colnaghi.mp4<\/a><\/video><\/div>\n","protected":false},"excerpt":{"rendered":"<p>The end Se acaba la London Art Week y todos estamos cansados despu\u00e9s de doce d\u00edas intensos donde han pasado muchas cosas. Cada d\u00eda tenemos m\u00e1s ojeras, como zombies. Parece [&hellip;]<\/p>\n","protected":false},"author":14,"featured_media":19701,"comment_status":"open","ping_status":"open","sticky":false,"template":"","format":"video","meta":{"_acf_changed":false,"footnotes":""},"categories":[407,553,565,555],"tags":[446,480,562,564],"class_list":["post-19702","post","type-post","status-publish","format-video","has-post-thumbnail","hentry","category-blog-diario-artur-ramon","category-ferias","category-general-es","category-london-art-week-2017-es","tag-ferias","tag-ferias-es","tag-london-art-week","tag-london-art-week-es","post_format-post-format-video"],"acf":[],"_links":{"self":[{"href":"https:\/\/arturamon.com\/es\/wp-json\/wp\/v2\/posts\/19702","targetHints":{"allow":["GET"]}}],"collection":[{"href":"https:\/\/arturamon.com\/es\/wp-json\/wp\/v2\/posts"}],"about":[{"href":"https:\/\/arturamon.com\/es\/wp-json\/wp\/v2\/types\/post"}],"author":[{"embeddable":true,"href":"https:\/\/arturamon.com\/es\/wp-json\/wp\/v2\/users\/14"}],"replies":[{"embeddable":true,"href":"https:\/\/arturamon.com\/es\/wp-json\/wp\/v2\/comments?post=19702"}],"version-history":[{"count":0,"href":"https:\/\/arturamon.com\/es\/wp-json\/wp\/v2\/posts\/19702\/revisions"}],"wp:featuredmedia":[{"embeddable":true,"href":"https:\/\/arturamon.com\/es\/wp-json\/wp\/v2\/media\/19701"}],"wp:attachment":[{"href":"https:\/\/arturamon.com\/es\/wp-json\/wp\/v2\/media?parent=19702"}],"wp:term":[{"taxonomy":"category","embeddable":true,"href":"https:\/\/arturamon.com\/es\/wp-json\/wp\/v2\/categories?post=19702"},{"taxonomy":"post_tag","embeddable":true,"href":"https:\/\/arturamon.com\/es\/wp-json\/wp\/v2\/tags?post=19702"}],"curies":[{"name":"wp","href":"https:\/\/api.w.org\/{rel}","templated":true}]}}