{"id":15126,"date":"2015-05-04T12:29:10","date_gmt":"2015-05-04T10:29:10","guid":{"rendered":"https:\/\/nova.arturamon.com\/barcelona-a-ferrara\/"},"modified":"2017-09-08T12:00:41","modified_gmt":"2017-09-08T10:00:41","slug":"barcelona-a-ferrara","status":"publish","type":"post","link":"https:\/\/arturamon.com\/es\/barcelona-a-ferrara\/","title":{"rendered":"Barcelona a Ferrara"},"content":{"rendered":"<div class=\"column\">\n<p><a href=\"https:\/\/arturamon.com\/wp-content\/uploads\/2015\/05\/IMG_9655.jpg\" data-rel=\"lightbox-image-0\" data-rl_title=\"\" data-rl_caption=\"\" title=\"\"><img loading=\"lazy\" decoding=\"async\" class=\" size-medium wp-image-6242 alignleft\" src=\"https:\/\/arturamon.com\/wp-content\/uploads\/2015\/05\/IMG_9655-300x300.jpg\" alt=\"IMG_9655\" width=\"300\" height=\"300\" srcset=\"https:\/\/arturamon.com\/wp-content\/uploads\/2015\/05\/IMG_9655-300x300.jpg 300w, https:\/\/arturamon.com\/wp-content\/uploads\/2015\/05\/IMG_9655-150x150.jpg 150w, https:\/\/arturamon.com\/wp-content\/uploads\/2015\/05\/IMG_9655-66x66.jpg 66w, https:\/\/arturamon.com\/wp-content\/uploads\/2015\/05\/IMG_9655.jpg 480w\" sizes=\"auto, (max-width: 300px) 100vw, 300px\" \/><\/a>Quan arribes de nit a Ferrara t\u2019adones que la pintura metaf\u00edsica va n\u00e9ixer all\u00e0 i no a Par\u00eds, com ens\u00a0han volgut fer creure. Passegem dins d\u2019un De Chirico de llums ataronjades. L\u2019endem\u00e0 el sol banya la fa\u00e7ana del Palazzo dei Diamanti que acull la mostra <em>La rosa di Fuoco: la Barcellona di Picasso e Gaud\u00ed<\/em>. Una exposici\u00f3 comissariada pel prestigi\u00f3s cr\u00edtic Tom\u00e0s Llorens que explica molt b\u00e9 la nostra cultura visual a l\u2019entorn del 1900. La Sagrada Fam\u00edlia no \u00e9s nom\u00e9s Gaud\u00ed, tamb\u00e9 \u00e9s Mir, i els dibuixos de Picasso<\/p>\n<\/div>\n<div class=\"column\">\n<p>d\u2019Els Quatre Gats v\u00e9nen directament dels de Casas a la Sala Par\u00e9s, les coves mallorquines de Mir no estan tan lluny de les escenografies d\u2019Oleguer Junyent i no es pot entendre b\u00e9 el geni malagueny d\u2019\u00e8poca blava sense l\u2019impacte dram\u00e0tic de la mort de Casagemas, el ress\u00f2 de la pintura de cera d\u2019El Greco i el mirall de Nonell.<\/p>\n<p>Aquestes i altres propostes s\u2019apleguen en aquest interessant projecte, el m\u00e9s important d\u2019en\u00e7\u00e0 de la mostra <em>Barcelona and Modernity: Gaud\u00ed to Dal\u00ed<\/em> que va tenir lloc al Metropolitan de Nova York el 2007.<\/p>\n<div class=\"page\" title=\"Page 1\">\n<div class=\"section\">\n<div class=\"layoutArea\">\n<div class=\"column\">\n<p>Hores despr\u00e9s, recorrent el Castell dels Este que acull la col\u00b7lecci\u00f3 del museu Boldini, em va sobtar una analogia entre la pintura delicada, grisa i rosa de l\u2019itali\u00e0 i la recerca del moviment que l\u2019associa als nostres Canals i Rusi\u00f1ol. Cap representant del Museu Nacional d\u2019Art de Catalunya, ni de l\u2019Ajuntament de Barcelona, ni de la Generalitat formava part de la delegaci\u00f3 catalana a Ferrara, contradient els discursos habituals de la internacionalitzaci\u00f3 de l\u2019art catal\u00e0 i de Barcelona al m\u00f3n. Viure per veure&#8230;<\/p>\n<p><a href=\"https:\/\/arturamon.com\/wp-content\/uploads\/2015\/05\/IMG_9696.jpg\" data-rel=\"lightbox-image-1\" data-rl_title=\"\" data-rl_caption=\"\" title=\"\"><img loading=\"lazy\" decoding=\"async\" class=\"alignnone size-medium wp-image-6243\" src=\"https:\/\/arturamon.com\/wp-content\/uploads\/2015\/05\/IMG_9696-225x300.jpg\" alt=\"IMG_9696\" width=\"225\" height=\"300\" srcset=\"https:\/\/arturamon.com\/wp-content\/uploads\/2015\/05\/IMG_9696-225x300.jpg 225w, https:\/\/arturamon.com\/wp-content\/uploads\/2015\/05\/IMG_9696.jpg 479w\" sizes=\"auto, (max-width: 225px) 100vw, 225px\" \/><\/a><\/p>\n<p>&nbsp;<\/p>\n<\/div>\n<\/div>\n<\/div>\n<\/div>\n<\/div>\n","protected":false},"excerpt":{"rendered":"<p>Quan arribes de nit a Ferrara t\u2019adones que la pintura metaf\u00edsica va n\u00e9ixer all\u00e0 i no a Par\u00eds, com ens\u00a0han volgut fer creure. Passegem dins d\u2019un De Chirico de llums [&hellip;]<\/p>\n","protected":false},"author":4,"featured_media":0,"comment_status":"open","ping_status":"open","sticky":false,"template":"","format":"standard","meta":{"_acf_changed":false,"footnotes":""},"categories":[565,405],"tags":[318,320],"class_list":["post-15126","post","type-post","status-publish","format-standard","hentry","category-general-es","category-blog-prensa","tag-gabinet-de-cursiositats","tag-gabinet-de-cursiositats-es"],"acf":[],"_links":{"self":[{"href":"https:\/\/arturamon.com\/es\/wp-json\/wp\/v2\/posts\/15126","targetHints":{"allow":["GET"]}}],"collection":[{"href":"https:\/\/arturamon.com\/es\/wp-json\/wp\/v2\/posts"}],"about":[{"href":"https:\/\/arturamon.com\/es\/wp-json\/wp\/v2\/types\/post"}],"author":[{"embeddable":true,"href":"https:\/\/arturamon.com\/es\/wp-json\/wp\/v2\/users\/4"}],"replies":[{"embeddable":true,"href":"https:\/\/arturamon.com\/es\/wp-json\/wp\/v2\/comments?post=15126"}],"version-history":[{"count":0,"href":"https:\/\/arturamon.com\/es\/wp-json\/wp\/v2\/posts\/15126\/revisions"}],"wp:attachment":[{"href":"https:\/\/arturamon.com\/es\/wp-json\/wp\/v2\/media?parent=15126"}],"wp:term":[{"taxonomy":"category","embeddable":true,"href":"https:\/\/arturamon.com\/es\/wp-json\/wp\/v2\/categories?post=15126"},{"taxonomy":"post_tag","embeddable":true,"href":"https:\/\/arturamon.com\/es\/wp-json\/wp\/v2\/tags?post=15126"}],"curies":[{"name":"wp","href":"https:\/\/api.w.org\/{rel}","templated":true}]}}